{"id":17170,"date":"2024-12-17T10:44:54","date_gmt":"2024-12-17T10:44:54","guid":{"rendered":"https:\/\/247stiri.ro\/index.php\/2024\/12\/17\/guvernul-va-putea-emite-ordonante-in-vacanta-parlamentara\/"},"modified":"2024-12-17T10:44:54","modified_gmt":"2024-12-17T10:44:54","slug":"guvernul-va-putea-emite-ordonante-in-vacanta-parlamentara","status":"publish","type":"post","link":"https:\/\/247stiri.ro\/index.php\/2024\/12\/17\/guvernul-va-putea-emite-ordonante-in-vacanta-parlamentara\/","title":{"rendered":"Guvernul va putea emite ordonan\u021be \u00een vacan\u021ba parlamentar\u0103"},"content":{"rendered":"<p>S-au \u00eenregistrat 188 voturi &#8216;pentru&#8217;, 25 &#8216;contra&#8217; \u015fi 45 ab\u0163ineri.<\/p>\n<p>Potrivit actului normativ adoptat, Guvernul este abilitat s\u0103 emit\u0103 ordonan\u0163e \u00een domenii care nu fac obiectul legilor organice, \u00een perioada de la data intr\u0103rii \u00een vigoare a legii, dar nu \u00eenainte de \u00eencheierea celei de a doua sesiuni ordinare a anului 2024, \u015fi p\u00e2n\u0103 la reluarea lucr\u0103rilor Parlamentului \u00een prima sesiune ordinar\u0103 a anului 2025.<\/p>\n<p>Proiectul de lege stabile\u015fte urm\u0103toarele domenii de reglementare pentru care se abiliteaz\u0103 Guvernului de a emite ordonan\u0163e pe perioada vacan\u0163ei parlamentare: Finan\u0163e \u015fi economie; Dezvoltarea, Lucr\u0103ri Publice \u015fi Administra\u0163ie; Agricultur\u0103; Munc\u0103 \u015fi Solidaritate Social\u0103; Digitalizare; S\u0103n\u0103tate; Afaceri Interne; Transporturi \u015fi Infrastructur\u0103, Investi\u0163ii \u015fi Proiecte Europene, Cultur\u0103, Mediu, Prorogarea sau modificarea unor termene prev\u0103zute \u00een acte normative cu putere de lege.<\/p>\n<p>Actul normativ prevede ca ordonan\u0163ele emise de Guvern s\u0103 fie supuse spre aprobare Parlamentului, potrivit procedurii legislative, p\u00e2n\u0103 la reluarea lucr\u0103rilor Parlamentului \u00een prima sesiune ordinar\u0103 a anului 2025. Nerespectarea termenului atrage \u00eencetarea efectelor ordonan\u0163ei.<\/p>\n<p>Camera Deputa\u0163ilor este decizional\u0103.<\/p>\n<p>\u00a0<\/p>","protected":false},"excerpt":{"rendered":"<p>S-au \u00eenregistrat 188 voturi &#8216;pentru&#8217;, 25 &#8216;contra&#8217; \u015fi 45 ab\u0163ineri. Potrivit actului normativ adoptat, Guvernul&hellip;<\/p>\n","protected":false},"author":0,"featured_media":17171,"comment_status":"open","ping_status":"open","sticky":false,"template":"","format":"standard","meta":{"footnotes":""},"categories":[3],"tags":[],"class_list":["post-17170","post","type-post","status-publish","format-standard","has-post-thumbnail","hentry","category-politica"],"_links":{"self":[{"href":"https:\/\/247stiri.ro\/index.php\/wp-json\/wp\/v2\/posts\/17170","targetHints":{"allow":["GET"]}}],"collection":[{"href":"https:\/\/247stiri.ro\/index.php\/wp-json\/wp\/v2\/posts"}],"about":[{"href":"https:\/\/247stiri.ro\/index.php\/wp-json\/wp\/v2\/types\/post"}],"replies":[{"embeddable":true,"href":"https:\/\/247stiri.ro\/index.php\/wp-json\/wp\/v2\/comments?post=17170"}],"version-history":[{"count":0,"href":"https:\/\/247stiri.ro\/index.php\/wp-json\/wp\/v2\/posts\/17170\/revisions"}],"wp:featuredmedia":[{"embeddable":true,"href":"https:\/\/247stiri.ro\/index.php\/wp-json\/wp\/v2\/media\/17171"}],"wp:attachment":[{"href":"https:\/\/247stiri.ro\/index.php\/wp-json\/wp\/v2\/media?parent=17170"}],"wp:term":[{"taxonomy":"category","embeddable":true,"href":"https:\/\/247stiri.ro\/index.php\/wp-json\/wp\/v2\/categories?post=17170"},{"taxonomy":"post_tag","embeddable":true,"href":"https:\/\/247stiri.ro\/index.php\/wp-json\/wp\/v2\/tags?post=17170"}],"curies":[{"name":"wp","href":"https:\/\/api.w.org\/{rel}","templated":true}]}}