{"id":17172,"date":"2024-12-17T10:44:55","date_gmt":"2024-12-17T10:44:55","guid":{"rendered":"https:\/\/247stiri.ro\/index.php\/2024\/12\/17\/reactia-lui-calin-georgescu-dupa-ce-i-a-fost-folosita-imaginea-online-fostul-candidat-independent-la-prezidentiale-face-public-numarul-de-telefon-pentru-popor\/"},"modified":"2024-12-17T10:44:55","modified_gmt":"2024-12-17T10:44:55","slug":"reactia-lui-calin-georgescu-dupa-ce-i-a-fost-folosita-imaginea-online-fostul-candidat-independent-la-prezidentiale-face-public-numarul-de-telefon-pentru-popor","status":"publish","type":"post","link":"https:\/\/247stiri.ro\/index.php\/2024\/12\/17\/reactia-lui-calin-georgescu-dupa-ce-i-a-fost-folosita-imaginea-online-fostul-candidat-independent-la-prezidentiale-face-public-numarul-de-telefon-pentru-popor\/","title":{"rendered":"Reac\u021bia lui C\u0103lin Georgescu dup\u0103 ce i-a fost folosit\u0103 imaginea online. Fostul candidat independent la preziden\u021biale face PUBLIC num\u0103rul de telefon pentru popor"},"content":{"rendered":"<p>C\u0103lin Georgescu a postat, mar\u021bi, un mesaj pe pagina sa de socializare \u00een care supune c\u0103 se dezice de orice &#8222;ac\u021biune sau platform\u0103 web care colecteaz\u0103 datele personale ale sus\u021bin\u0103torilor s\u0103i&#8221;, indiferent care este scopul declarat.\u00a0<\/p>\n<p>Acesta mai spune, de asemenea, c\u0103 nu cunoa\u0219te, nu a fost contactat vreodat\u0103 \u0219i nici nu a cerut vreodat\u0103 str\u00e2ngerea de date cu caracter personal ale celor care \u00eel sus\u021bin.\u00a0<\/p>\n<p>Candidatul independent la Pre\u0219edin\u021bie \u00eei \u00eendeamn\u0103, astfel, pe rom\u00e2ni s\u0103 \u00ee\u0219i protejeze datele personale \u0219i s\u0103 verifice aceste informa\u021bii din surse oficiale.<\/p>","protected":false},"excerpt":{"rendered":"<p>C\u0103lin Georgescu a postat, mar\u021bi, un mesaj pe pagina sa de socializare \u00een care supune&hellip;<\/p>\n","protected":false},"author":0,"featured_media":17173,"comment_status":"open","ping_status":"open","sticky":false,"template":"","format":"standard","meta":{"footnotes":""},"categories":[3],"tags":[],"class_list":["post-17172","post","type-post","status-publish","format-standard","has-post-thumbnail","hentry","category-politica"],"_links":{"self":[{"href":"https:\/\/247stiri.ro\/index.php\/wp-json\/wp\/v2\/posts\/17172","targetHints":{"allow":["GET"]}}],"collection":[{"href":"https:\/\/247stiri.ro\/index.php\/wp-json\/wp\/v2\/posts"}],"about":[{"href":"https:\/\/247stiri.ro\/index.php\/wp-json\/wp\/v2\/types\/post"}],"replies":[{"embeddable":true,"href":"https:\/\/247stiri.ro\/index.php\/wp-json\/wp\/v2\/comments?post=17172"}],"version-history":[{"count":0,"href":"https:\/\/247stiri.ro\/index.php\/wp-json\/wp\/v2\/posts\/17172\/revisions"}],"wp:featuredmedia":[{"embeddable":true,"href":"https:\/\/247stiri.ro\/index.php\/wp-json\/wp\/v2\/media\/17173"}],"wp:attachment":[{"href":"https:\/\/247stiri.ro\/index.php\/wp-json\/wp\/v2\/media?parent=17172"}],"wp:term":[{"taxonomy":"category","embeddable":true,"href":"https:\/\/247stiri.ro\/index.php\/wp-json\/wp\/v2\/categories?post=17172"},{"taxonomy":"post_tag","embeddable":true,"href":"https:\/\/247stiri.ro\/index.php\/wp-json\/wp\/v2\/tags?post=17172"}],"curies":[{"name":"wp","href":"https:\/\/api.w.org\/{rel}","templated":true}]}}