{"id":17175,"date":"2024-12-17T10:44:55","date_gmt":"2024-12-17T10:44:55","guid":{"rendered":"https:\/\/247stiri.ro\/index.php\/2024\/12\/17\/tupeu-de-ministru-catalin-preodiou-intervine-in-scandalul-alegerilor-de-ce-ii-cere-lui-calin-georgescu-sa-se-dezica-de-makaveli\/"},"modified":"2024-12-17T10:44:55","modified_gmt":"2024-12-17T10:44:55","slug":"tupeu-de-ministru-catalin-preodiou-intervine-in-scandalul-alegerilor-de-ce-ii-cere-lui-calin-georgescu-sa-se-dezica-de-makaveli","status":"publish","type":"post","link":"https:\/\/247stiri.ro\/index.php\/2024\/12\/17\/tupeu-de-ministru-catalin-preodiou-intervine-in-scandalul-alegerilor-de-ce-ii-cere-lui-calin-georgescu-sa-se-dezica-de-makaveli\/","title":{"rendered":"Tupeu de ministru. C\u0103t\u0103lin Preodiou intervine \u00een scandalul alegerilor. De ce \u00eei cere lui C\u0103lin Georgescu s\u0103 se dezic\u0103 de Makaveli"},"content":{"rendered":"<p>\u201eMai devreme a\u021bi difuzat imaginile unui domn care amenin\u021ba judec\u0103torii de la CCR, un domn care se dore\u0219te pre\u0219edintele Rom\u00e2niei. Vrea s\u0103 ne reprezinte \u0219i pe mine, \u0219i pe dvs., \u0219i pe cei de pe ecran poate. \u0218i apoi, amenin\u021b\u0103rile cet\u0103\u021beanului care nu f\u0103cea dec\u00e2t s\u0103 imite acest tip de comportament. Iat\u0103 primul efect al unei abord\u0103ri de tip violent \u00een g\u00e2ndire \u0219i \u00een limbaj de tipul unor societ\u0103\u021bi pe care le credeam de mult l\u0103sate \u00een lada de gunoi a istoriei \u0219i unde nu vrem s\u0103 ne \u00eentoarcem.<\/p>\n<p>Plec\u00e2nd de la aceast\u0103 paralel\u0103 \u00eentre discursul domnului Georgescu de amenin\u021bare la adresa judec\u0103torilor CCR \u0219i nu numai &#8211; pentru c\u0103 au mai fost astfel de nuan\u021be \u0219i \u00een discursurile anterioare &#8211; \u0219i ce vedem \u00een unele imagini de pe TikTok, eu cred c\u0103 sunt \u00eendrept\u0103\u021bit ca cet\u0103\u021bean, f\u0103r\u0103 niciun fel de func\u021bie luat\u0103 \u00een considerare, s\u0103 \u00eei cer dl-ui Georgescu s\u0103 se pozi\u021bioneze fa\u021b\u0103 de acest domn care amenin\u021b\u0103 pe ecran semeni de-ai lor. S\u0103 spun\u0103 ce p\u0103rere are. Le vrea sprijinul, \u00eei \u00eencurajeaz\u0103?\u201d, a spus C\u0103t\u0103lin Predoiu.<\/p>\n<p>\u00a0<\/p>","protected":false},"excerpt":{"rendered":"<p>\u201eMai devreme a\u021bi difuzat imaginile unui domn care amenin\u021ba judec\u0103torii de la CCR, un domn&hellip;<\/p>\n","protected":false},"author":0,"featured_media":17176,"comment_status":"open","ping_status":"open","sticky":false,"template":"","format":"standard","meta":{"footnotes":""},"categories":[2],"tags":[],"class_list":["post-17175","post","type-post","status-publish","format-standard","has-post-thumbnail","hentry","category-actual"],"_links":{"self":[{"href":"https:\/\/247stiri.ro\/index.php\/wp-json\/wp\/v2\/posts\/17175","targetHints":{"allow":["GET"]}}],"collection":[{"href":"https:\/\/247stiri.ro\/index.php\/wp-json\/wp\/v2\/posts"}],"about":[{"href":"https:\/\/247stiri.ro\/index.php\/wp-json\/wp\/v2\/types\/post"}],"replies":[{"embeddable":true,"href":"https:\/\/247stiri.ro\/index.php\/wp-json\/wp\/v2\/comments?post=17175"}],"version-history":[{"count":0,"href":"https:\/\/247stiri.ro\/index.php\/wp-json\/wp\/v2\/posts\/17175\/revisions"}],"wp:featuredmedia":[{"embeddable":true,"href":"https:\/\/247stiri.ro\/index.php\/wp-json\/wp\/v2\/media\/17176"}],"wp:attachment":[{"href":"https:\/\/247stiri.ro\/index.php\/wp-json\/wp\/v2\/media?parent=17175"}],"wp:term":[{"taxonomy":"category","embeddable":true,"href":"https:\/\/247stiri.ro\/index.php\/wp-json\/wp\/v2\/categories?post=17175"},{"taxonomy":"post_tag","embeddable":true,"href":"https:\/\/247stiri.ro\/index.php\/wp-json\/wp\/v2\/tags?post=17175"}],"curies":[{"name":"wp","href":"https:\/\/api.w.org\/{rel}","templated":true}]}}