{"id":17267,"date":"2024-12-17T15:46:48","date_gmt":"2024-12-17T15:46:48","guid":{"rendered":"https:\/\/247stiri.ro\/index.php\/2024\/12\/17\/mesaj-impresionant-din-partea-lui-florin-piersic-catre-romani-trebuie-sa-avem-curajul-de-a-trece-peste-toate-cum-se-mai-simte-marele-actor\/"},"modified":"2024-12-17T15:46:48","modified_gmt":"2024-12-17T15:46:48","slug":"mesaj-impresionant-din-partea-lui-florin-piersic-catre-romani-trebuie-sa-avem-curajul-de-a-trece-peste-toate-cum-se-mai-simte-marele-actor","status":"publish","type":"post","link":"https:\/\/247stiri.ro\/index.php\/2024\/12\/17\/mesaj-impresionant-din-partea-lui-florin-piersic-catre-romani-trebuie-sa-avem-curajul-de-a-trece-peste-toate-cum-se-mai-simte-marele-actor\/","title":{"rendered":"Mesaj impresionant din partea lui Florin Piersic c\u0103tre rom\u00e2ni: \u201eTrebuie s\u0103 avem curajul de a trece peste toate\u201d. Cum se mai simte marele actor"},"content":{"rendered":"<p>Florin Piersic a transmis un mesaj profund de optimism \u0219i determinare, \u00eendemn\u00e2nd rom\u00e2nii s\u0103 dep\u0103\u0219easc\u0103 dificult\u0103\u021bile \u0219i s\u0103 nu piard\u0103 din vedere frumuse\u021bea \u0219i bog\u0103\u021bia sufleteasc\u0103 a poporului rom\u00e2n.<\/p>\n<p>\u201eTrebuie s\u0103 avem nici m\u0103car r\u0103bdare, s\u0103 avem curaj s\u0103 trecem peste toate lucrurile. Iar tuturor rom\u00e2nilor le spun cu toat\u0103 inima \u0219i din tot sufletul meu s\u0103 mai prind\u0103 curaj s\u0103 putem s\u0103 mergem \u00eenainte. Nu putem s\u0103 pierdem ce avem noi mai frumos \u00een noi. Pentru c\u0103 noi rom\u00e2nii suntem plini de poezie, de c\u00e2ntec, de speran\u021b\u0103. \u0102sta e un cuv\u00e2nt pe care \u00eel iubesc. Speran\u021b\u0103 \u0219i bucurie. Bucurie ar fi s\u0103 mai tr\u0103im, s\u0103 ne g\u00e2ndim la cei care ne-au p\u0103r\u0103sit \u0219i pe care nu o s\u0103 \u00eei uit\u0103m niciodat\u0103. Niciodat\u0103. Pentru noi au fost ni\u0219te exemple\u201d, a spus marele actor la Realitatea Plus.<\/p>\n<p><a title='Florin Piersic, reactie emotionanta dupa moartea lui Gabriel Cotabita: ,,Greu an a fost si inca mai este\"' href=\"https:\/\/www.realitatea.net\/stiri\/actual\/florin-piersic-reactie-emotionanta-dupa-moartea-lui-gabriel-cotabita-greu-an-a-fost-si-inca-mai-este_6741e32ba1c48006b9500f2e\">Florin Piersic, reac\u021bie emo\u021bionant\u0103 dup\u0103 moartea lui Gabriel Cotabi\u021b\u0103: \u201eGreu an a fost \u0219i \u00eenc\u0103 mai este\u201d<\/a><\/p>\n<p>De asemenea, actorul a \u00eemp\u0103rt\u0103\u0219it o parte din propria sa experien\u021b\u0103, men\u021bion\u00e2nd dificult\u0103\u021bile de s\u0103n\u0103tate cu care se confrunt\u0103, dar \u0219i fericirea de a tr\u0103i \u0219i de a se bucura de via\u021b\u0103:<\/p>\n<p>\u201eEu sunt. M\u0103 mi\u0219c. \u00cemi vine s\u0103 r\u00e2d pentru c\u0103 m\u0103 mi\u0219c, dar m\u0103 mi\u0219c cu bastonul pentru c\u0103 m\u0103 doare&#8230; nu m\u0103 doare piciorul, dar am avut o interven\u021bie la piciorul st\u00e2ng \u0219i eu \u00eenc\u0103 m\u0103 reaz\u0103m de ce pot s\u0103 m\u0103 reaz\u0103m. Dar cum s\u0103 v\u0103 spun? Cum m\u0103 simt? M\u0103 simt un om care dac\u0103 Dumnezeu ne ajut\u0103 sper s\u0103 prind \u0219i ziua \u00een care am s\u0103 \u00eemplinesc 89 de ani\u201d, a mai spus Florin Piersic.<\/p>\n<p>Pe de alt\u0103 parte, actorul Dorel Vi\u0219an a atacat dur clasa politic\u0103 pentru lipsa de investi\u021bii \u00een reabilitarea teatrelor sau cinematografelor:<\/p>\n<p>\u201eNu punem nimica \u00een loc, pentru c\u0103 nu ne preocup\u0103m s\u0103 punem, pentru c\u0103 mini\u0219trii culturii nu au nicio preocupare pentru a pune. Nu \u00eenv\u0103\u021b\u0103m nimic din aceste discu\u021bii \u00een care ne c\u0103in\u0103m c\u0103 pleac\u0103 marii arti\u0219ti, \u0219i nu numai arti\u0219ti, pleac\u0103 marii rom\u00e2ni \u0219i nu punem nimica \u00een locul lor, pentru c\u0103 \u0219coala de teatru nicidecum nu este de calitate.<\/p>\n<p>Din aceast\u0103 cauz\u0103 cinematografia noastr\u0103 este \u00een suferin\u021b\u0103, pentru c\u0103 noi mai avem arti\u0219ti, \u00ees talenta\u021bi, adic\u0103 cei \u0219coli\u021bi chiar \u00een aceste \u0219coli care nu sunt de cea mai bun\u0103 calitate\u201d, a spus Dorel Vi\u0219an.\u00a0<\/p>\n<p><a title=\"Cum a fost surprins Florin Piersic, la 6 luni de la iesirea din spital - FOTO\" href=\"https:\/\/www.realitatea.net\/stiri\/monden\/cum-a-fost-surprins-florin-piersic-la-6-luni-de-la-iesirea-din-spital-foto_6752bd10b207633fcf13ac73\">Cum a fost surprins Florin Piersic, la 6 luni de la ie\u0219irea din spital &#8211; FOTO<\/a><\/p>","protected":false},"excerpt":{"rendered":"<p>Florin Piersic a transmis un mesaj profund de optimism \u0219i determinare, \u00eendemn\u00e2nd rom\u00e2nii s\u0103 dep\u0103\u0219easc\u0103&hellip;<\/p>\n","protected":false},"author":0,"featured_media":17268,"comment_status":"open","ping_status":"open","sticky":false,"template":"","format":"standard","meta":{"footnotes":""},"categories":[2],"tags":[],"class_list":["post-17267","post","type-post","status-publish","format-standard","has-post-thumbnail","hentry","category-actual"],"_links":{"self":[{"href":"https:\/\/247stiri.ro\/index.php\/wp-json\/wp\/v2\/posts\/17267","targetHints":{"allow":["GET"]}}],"collection":[{"href":"https:\/\/247stiri.ro\/index.php\/wp-json\/wp\/v2\/posts"}],"about":[{"href":"https:\/\/247stiri.ro\/index.php\/wp-json\/wp\/v2\/types\/post"}],"replies":[{"embeddable":true,"href":"https:\/\/247stiri.ro\/index.php\/wp-json\/wp\/v2\/comments?post=17267"}],"version-history":[{"count":0,"href":"https:\/\/247stiri.ro\/index.php\/wp-json\/wp\/v2\/posts\/17267\/revisions"}],"wp:featuredmedia":[{"embeddable":true,"href":"https:\/\/247stiri.ro\/index.php\/wp-json\/wp\/v2\/media\/17268"}],"wp:attachment":[{"href":"https:\/\/247stiri.ro\/index.php\/wp-json\/wp\/v2\/media?parent=17267"}],"wp:term":[{"taxonomy":"category","embeddable":true,"href":"https:\/\/247stiri.ro\/index.php\/wp-json\/wp\/v2\/categories?post=17267"},{"taxonomy":"post_tag","embeddable":true,"href":"https:\/\/247stiri.ro\/index.php\/wp-json\/wp\/v2\/tags?post=17267"}],"curies":[{"name":"wp","href":"https:\/\/api.w.org\/{rel}","templated":true}]}}