{"id":17275,"date":"2024-12-17T16:47:16","date_gmt":"2024-12-17T16:47:16","guid":{"rendered":"https:\/\/247stiri.ro\/index.php\/2024\/12\/17\/dezvaluiri-inedite-facute-de-papa-francisc-a-fost-victima-a-doua-tentative-de-asasinat-cu-bomba\/"},"modified":"2024-12-17T16:47:16","modified_gmt":"2024-12-17T16:47:16","slug":"dezvaluiri-inedite-facute-de-papa-francisc-a-fost-victima-a-doua-tentative-de-asasinat-cu-bomba","status":"publish","type":"post","link":"https:\/\/247stiri.ro\/index.php\/2024\/12\/17\/dezvaluiri-inedite-facute-de-papa-francisc-a-fost-victima-a-doua-tentative-de-asasinat-cu-bomba\/","title":{"rendered":"Dezv\u0103luiri INEDITE f\u0103cute de Papa Francisc. A fost victima a dou\u0103 tentative de asasinat cu bomba"},"content":{"rendered":"<p>De\u0219i a fost sf\u0103tuit insistent s\u0103 nu \u00eentreprind\u0103 vizita din cauza pandemiei de Covid-19 \u0219i a riscurilor ridicate de securitate, \u00een special \u00een Mosul, un fost bastion al terori\u0219tilor ISIS, <a href=\"https:\/\/www.realitatea.net\/stiri\/actual\/papa-francisc-a-dat-instructiuni-pentru-inmormantarea-sa-din-ce-va-fi-confectionat-sicriul_673e2eef6b72d77b324156da\" target=\"_blank\">Papa Francisc<\/a> a decis s\u0103 mearg\u0103 mai departe cu planurile sale.<\/p>\n<p>Atacatorii, neutraliza\u021bi de autorit\u0103\u021bile irakiene<\/p>\n<p>Imediat dup\u0103 aterizarea avionului s\u0103u \u00een Bagdad, serviciile de informa\u021bii britanice au avertizat autorit\u0103\u021bile irakiene despre dou\u0103 tentative de atac cu bomb\u0103. Una dintre acestea viza o femeie sinuciga\u0219\u0103 care inten\u021biona s\u0103 se detoneze \u00een Mosul \u00een timpul vizitei papale, iar cealalt\u0103 implica o ma\u0219in\u0103-capcan\u0103 care se \u00eendrepta rapid spre acela\u0219i ora\u0219. Poli\u021bia irakian\u0103 a reu\u0219it s\u0103 intercepteze atacatorii \u0219i s\u0103 elimine pericolul, deton\u00e2nd dispozitivele explozive \u00eenainte ca acestea s\u0103 provoace victime.<\/p>\n<p>\u00cen colaborare cu autorul italian Carlo Musso, Papa Francisc relateaz\u0103 c\u0103 a dorit s\u0103 afle mai multe despre soarta atacatorilor. \u0218eful securit\u0103\u021bii sale i-a r\u0103spuns f\u0103r\u0103 menajamente: \u201eNu mai sunt aici. Poli\u021bia irakian\u0103 i-a interceptat, iar bombele au fost detonate.\u201d Suveranul Pontif a m\u0103rturisit c\u0103 acest r\u0103spuns l-a tulburat profund.<\/p>\n<p>Prima vizit\u0103 papal\u0103 \u00een Irak: un mesaj de pace<\/p>\n<p><a href=\"https:\/\/www.realitatea.net\/stiri\/extern\/papa-francisc-critica-italienii-pentru-preferinta-fata-de-animale-de-companie-in-loc-de-copii-merita-o-bataie_66f44138f218c8408b18af23\" target=\"_blank\">Papa Francisc<\/a> a devenit primul Suveran Pontif care a vizitat Irakul, c\u0103l\u0103torind timp de trei zile \u00een \u0219ase ora\u0219e, inclusiv Mosul. Vizita, descris\u0103 ca fiind \u201ea p\u0103cii,\u201d a avut un impact profund asupra comunit\u0103\u021bii cre\u0219tine din regiune, care a suferit persecu\u021bii brutale \u00eentre 2014 \u0219i 2017 din partea ISIS. \u00centr-o biseric\u0103 devastat\u0103, Papa a \u00eendemnat cre\u0219tinii s\u0103-i ierte pe extremi\u0219ti \u0219i s\u0103 contribuie la reconstruc\u021bia comunit\u0103\u021bii lor.<\/p>\n<p>Fragmente din autobiografia Papei Francisc, intitulat\u0103 \u201eSpera\u201d (Speran\u021b\u0103), au fost publicate de Corriere della Sera, cu ocazia anivers\u0103rii Suveranului Pontif. De\u0219i ini\u021bial volumul trebuia lansat postum, publicarea sa a fost devansat\u0103 pentru 24 decembrie, marc\u00e2nd astfel \u00eenceputul Jubileului 2025, un an special de celebrare pentru catolicii din \u00eentreaga lume.<\/p>\n<p>\u00a0<\/p>","protected":false},"excerpt":{"rendered":"<p>De\u0219i a fost sf\u0103tuit insistent s\u0103 nu \u00eentreprind\u0103 vizita din cauza pandemiei de Covid-19 \u0219i&hellip;<\/p>\n","protected":false},"author":0,"featured_media":17276,"comment_status":"open","ping_status":"open","sticky":false,"template":"","format":"standard","meta":{"footnotes":""},"categories":[4],"tags":[],"class_list":["post-17275","post","type-post","status-publish","format-standard","has-post-thumbnail","hentry","category-extern"],"_links":{"self":[{"href":"https:\/\/247stiri.ro\/index.php\/wp-json\/wp\/v2\/posts\/17275","targetHints":{"allow":["GET"]}}],"collection":[{"href":"https:\/\/247stiri.ro\/index.php\/wp-json\/wp\/v2\/posts"}],"about":[{"href":"https:\/\/247stiri.ro\/index.php\/wp-json\/wp\/v2\/types\/post"}],"replies":[{"embeddable":true,"href":"https:\/\/247stiri.ro\/index.php\/wp-json\/wp\/v2\/comments?post=17275"}],"version-history":[{"count":0,"href":"https:\/\/247stiri.ro\/index.php\/wp-json\/wp\/v2\/posts\/17275\/revisions"}],"wp:featuredmedia":[{"embeddable":true,"href":"https:\/\/247stiri.ro\/index.php\/wp-json\/wp\/v2\/media\/17276"}],"wp:attachment":[{"href":"https:\/\/247stiri.ro\/index.php\/wp-json\/wp\/v2\/media?parent=17275"}],"wp:term":[{"taxonomy":"category","embeddable":true,"href":"https:\/\/247stiri.ro\/index.php\/wp-json\/wp\/v2\/categories?post=17275"},{"taxonomy":"post_tag","embeddable":true,"href":"https:\/\/247stiri.ro\/index.php\/wp-json\/wp\/v2\/tags?post=17275"}],"curies":[{"name":"wp","href":"https:\/\/api.w.org\/{rel}","templated":true}]}}