{"id":1729,"date":"2024-10-25T06:45:56","date_gmt":"2024-10-25T06:45:56","guid":{"rendered":"https:\/\/247stiri.ro\/index.php\/2024\/10\/25\/procesiune-religioasa-in-bucuresti-cu-moastele-a-cinci-sfinti-programul-sarbatorii-sfantului-dimitrie-cel-nou\/"},"modified":"2024-10-25T06:45:56","modified_gmt":"2024-10-25T06:45:56","slug":"procesiune-religioasa-in-bucuresti-cu-moastele-a-cinci-sfinti-programul-sarbatorii-sfantului-dimitrie-cel-nou","status":"publish","type":"post","link":"https:\/\/247stiri.ro\/index.php\/2024\/10\/25\/procesiune-religioasa-in-bucuresti-cu-moastele-a-cinci-sfinti-programul-sarbatorii-sfantului-dimitrie-cel-nou\/","title":{"rendered":"Procesiune religioas\u0103 \u00een Bucure\u0219ti, cu moa\u015ftele a cinci sfin\u021bi. Programul s\u0103rb\u0103torii Sf\u00e2ntului Dimitrie cel Nou"},"content":{"rendered":"<p>Potrivit Patriarhiei, prima coloan\u0103 a plecat, joi, 24 octombrie, de la Catedrala Patriarhal\u0103 cu moa\u015ftele Sf\u00e2ntului Cuvios Dimitrie cel Nou, ale Sf\u00e2ntului Mare Mucenic Dimitrie \u015fi ale Sf\u00e2ntului Ierarh Nectarie, pe traseul: Catedrala Patriarhal\u0103 \u2013 Str. Patriarhiei \u2013 Bulevardul Regina Maria \u2013 baza Dealului Patriarhiei (Pia\u0163a Unirii).<\/p>\n<p>A doua coloan\u0103 a plecat de la Catedrala Mitropolitan\u0103 \u201eSf\u00e2ntul Spiridon\u201d \u2013 Nou cu moa\u015ftele Sfin\u0163ilor \u00cemp\u0103ra\u0163i Constantin \u015fi Elena, pe traseul: Str. Bibescu Vod\u0103 \u2013 baza Dealului Patriarhiei (Pia\u0163a Unirii). Coloanele s-au \u00eent\u00e2lnit la baza Dealului Patriarhiei cu delega\u0163ia din Cipru purt\u00e2nd racla cu moa\u015ftele Sf\u00e2ntului \u015fi Dreptului Laz\u0103r au urcat, \u00een procesiune, spre Catedrala Patriarhal\u0103. Ulterior, a avut loc primirea raclei cu moa\u015ftele Sf\u00e2ntului Laz\u0103r de c\u0103tre Patriarh Daniel, \u00eempreun\u0103 cu Preafericitul P\u0103rinte Gheorghe, arhiepiscopul Ciprului, la Altarul de Var\u0103.<\/p>\n<p>Racla cu moa\u015ftele Sf\u00e2ntului Laz\u0103r a fost depus\u0103 spre \u00eenchinare \u00een Baldachinul Sfin\u0163ilor de pe Colina Patriarhiei pentru a fi cinstite de pelerini, al\u0103turi de moa\u015ftele Sf\u00e2ntului Cuvios Dimitrie cel Nou, ale Sf\u00e2ntului Mare Mucenic Dimitrie, ale Sfin\u0163ilor \u00cemp\u0103ra\u0163i Constantin \u015fi Elena \u015fi ale Sf\u00e2ntului Ierarh Nectarie.<\/p>\n<p>Programul procesiunii<\/p>\n<p>Programul liturgic \u00een perioada 25-28 octombrie 2024, se va desf\u0103\u0219ura, potrivit Basilica, dup\u0103 cum urmeaz\u0103:<\/p>\n<p>Vineri, 25 octombrie 2024: 09:30 \u2013 12:00 \u2013 Sf\u00e2nta Liturghie oficiat\u0103 \u00een Catedrala Patriarhal\u0103. 12:00 \u2013 13:00 \u2013 Taina Sf\u00e2ntului Maslu. 17:00 \u2013 21:30 \u2013 Slujba Privegherii, \u00een cinstea Sf\u00e2ntului Mare Mucenic Dimitrie, Izvor\u00e2torul de Mir, la Altarul de Var\u0103.<\/p>\n<p>S\u00e2mb\u0103t\u0103, 26 octombrie 2024: 09:30 \u2013 12:30 \u2013 Sf\u00e2nta Liturghie oficiat\u0103 \u00een Altarul de Var\u0103. 08:30 \u2013 12:30 \u2013 distribuirea pachetelor cu anafur\u0103 l\u00e2ng\u0103 Altarul de Var\u0103. 16:00 \u2013 19:00 \u2013 Slujba Privegherii \u00een cinstea Sf\u00e2ntului Cuvios Dimitrie cel Nou, Ocrotitorul Bucure\u0219tilor, \u00een Altarul de Var\u0103.<\/p>\n<p>Duminic\u0103, 27 octombrie 2024: 09:30 \u2013 12:30 \u2013 Sf\u00e2nta Liturghie arhiereasc\u0103 oficiat\u0103 de Preafericitul P\u0103rinte Daniel, Patriarhul Bisericii Ortodoxe Rom\u00e2ne, \u00eempreun\u0103 cu Preafericitul P\u0103rinte Gheorghe, Arhiepiscopul Ciprului, \u00cenaltpreasfin\u021bitul P\u0103rinte Pantelimon, Mitropolitul Veriei, Naousei \u0219i Kampaniei \u0219i ierarhii Sf\u00e2ntului Sinod, precum \u0219i un sobor de preo\u021bi \u0219i diaconi, \u00een Altarul de Var\u0103. 08:30 \u2013 12:30 \u2013 distribuirea pachetelor cu anafur\u0103 l\u00e2ng\u0103 Altarul de Var\u0103. 17:00 \u2013 21:30 \u2013 Slujba Privegherii, \u00een cinstea Sf\u00e2ntului Ierah Iachint, Mitropolitul \u021a\u0103rii Rom\u00e2ne\u0219ti \u0219i a Sfintei Cuvioase Teofana Basarab, la Altarul de Var\u0103.<\/p>\n<p><a href=\"https:\/\/www.realitatea.net\/stiri\/actual\/sfantul-dumitrudimitrie-cel-nou-cui-spunem-la-multi-ani-in-26-si-27-octombrie-2024_671a09013cbc4372841fa2da\" target=\"_blank\" rel=\"noopener\">Sf\u00e2ntul Dumitru\/Dimitrie Cel Nou. Cui spunem La mul\u021bi ani! \u00een 26 \u0219i 27 octombrie 2024<\/a><\/p>\n<p>sursa: Libertataea, sursa foto: Basilica<\/p>","protected":false},"excerpt":{"rendered":"<p>Potrivit Patriarhiei, prima coloan\u0103 a plecat, joi, 24 octombrie, de la Catedrala Patriarhal\u0103 cu moa\u015ftele&hellip;<\/p>\n","protected":false},"author":0,"featured_media":1709,"comment_status":"open","ping_status":"open","sticky":false,"template":"","format":"standard","meta":{"footnotes":""},"categories":[2],"tags":[],"class_list":["post-1729","post","type-post","status-publish","format-standard","has-post-thumbnail","hentry","category-actual"],"_links":{"self":[{"href":"https:\/\/247stiri.ro\/index.php\/wp-json\/wp\/v2\/posts\/1729","targetHints":{"allow":["GET"]}}],"collection":[{"href":"https:\/\/247stiri.ro\/index.php\/wp-json\/wp\/v2\/posts"}],"about":[{"href":"https:\/\/247stiri.ro\/index.php\/wp-json\/wp\/v2\/types\/post"}],"replies":[{"embeddable":true,"href":"https:\/\/247stiri.ro\/index.php\/wp-json\/wp\/v2\/comments?post=1729"}],"version-history":[{"count":0,"href":"https:\/\/247stiri.ro\/index.php\/wp-json\/wp\/v2\/posts\/1729\/revisions"}],"wp:featuredmedia":[{"embeddable":true,"href":"https:\/\/247stiri.ro\/index.php\/wp-json\/wp\/v2\/media\/1709"}],"wp:attachment":[{"href":"https:\/\/247stiri.ro\/index.php\/wp-json\/wp\/v2\/media?parent=1729"}],"wp:term":[{"taxonomy":"category","embeddable":true,"href":"https:\/\/247stiri.ro\/index.php\/wp-json\/wp\/v2\/categories?post=1729"},{"taxonomy":"post_tag","embeddable":true,"href":"https:\/\/247stiri.ro\/index.php\/wp-json\/wp\/v2\/tags?post=1729"}],"curies":[{"name":"wp","href":"https:\/\/api.w.org\/{rel}","templated":true}]}}