{"id":17310,"date":"2024-12-17T18:45:07","date_gmt":"2024-12-17T18:45:07","guid":{"rendered":"https:\/\/247stiri.ro\/index.php\/2024\/12\/17\/nicusor-dan-a-fost-botezat-de-presa-straina-drept-little-nick-micul-nick-cum-il-descriu-jurnalistii-de-la-bruxelles-pe-actulul-primar-al-capitalei\/"},"modified":"2024-12-17T18:45:07","modified_gmt":"2024-12-17T18:45:07","slug":"nicusor-dan-a-fost-botezat-de-presa-straina-drept-little-nick-micul-nick-cum-il-descriu-jurnalistii-de-la-bruxelles-pe-actulul-primar-al-capitalei","status":"publish","type":"post","link":"https:\/\/247stiri.ro\/index.php\/2024\/12\/17\/nicusor-dan-a-fost-botezat-de-presa-straina-drept-little-nick-micul-nick-cum-il-descriu-jurnalistii-de-la-bruxelles-pe-actulul-primar-al-capitalei\/","title":{"rendered":"Nicu\u0219or Dan a fost botezat de presa str\u0103in\u0103 drept \u201eLittle Nick\u201d (Micul Nick). Cum \u00eel descriu jurnali\u0219tii de la Bruxelles pe actulul primar al capitalei"},"content":{"rendered":"<p>\u00cen presa interna\u021bional\u0103, Nicu\u0219or Dan este prezentat ca fiind un matematician \u0219i activist \u00een v\u00e2rst\u0103 de 54 de ani, iar prenumele lui s-ar traduce \u00een limba englez\u0103 \u201eLittle Nick\u201d.<\/p>\n<p>Mai mult, despre Nicu\u0219or Dan se mai spune \u0219i c\u0103 \u00een prima sa campanie pentru func\u021bia de primar \u00een 2016, acesta a promis s\u0103 elimine corup\u021bia \u0219i evaziunea fiscal\u0103, noteaz\u0103 publica\u021bia de la Bruxelles, care a punctat faptul c\u0103 Nicu\u0219or Dan a vorbit \u0219i la anun\u021barea candidaturii sale despre acelea\u0219i planuri de a combate corup\u021bia \u0219i de a da o direc\u021bie corect\u0103 Rom\u00e2niei.<\/p>\n<p>Jurnali\u0219tii puncteaz\u0103 \u0219i faptul c\u0103 patru partide pro-europene au decis s\u0103 formeze o majoritate guvernamental\u0103 dup\u0103 alegerile parlamentare din 1 decembrie, \u00eens\u0103 discu\u021biile sunt tensionate \u00een acest moment din cauza m\u0103surile fiscale ce trebuie adoptate pentru a reduce cel mai deficit bugetar din UE.\u00a0<\/p>\n<p><a title='USR nici nu vrea sa auda de Nicusor Dan la presedintie. ,,Elena Lasconi este candidatul, a fost o candidatura de succes\"' href=\"https:\/\/www.realitatea.net\/stiri\/actual\/usr-nici-nu-vrea-sa-auda-de-nicusor-dan-la-presedintie-elena-lasconi-este-candidatul-a-fost-o-candidatura-de-succes_676049a2b757fa291325efa3\">USR nici nu vrea s\u0103 aud\u0103 de Nicu\u0219or Dan la pre\u0219edin\u021bie. \u201eElena Lasconi este candidatul, a fost o candidatur\u0103 de succes\u201d<\/a><\/p>\n<p>\u201eDan, un matematician \u015fi activist \u00een v\u00e2rst\u0103 de 54 de ani, al c\u0103rui prenume se traduce (\u00een englez\u0103) prin \u201eLittle Nick&#8221; (Micul Nic &#8211; n.r.), se afl\u0103 la al doilea mandat de primar al Bucure\u015ftiului. El a fondat \u015fi a condus anterior un partid liberal care a dat na\u015ftere Uniunii Salva\u0163i Rom\u00e2nia &#8211; \u00een prezent al treilea cel mai mare partid din parlament\u201d, explic\u0103 Politico.<\/p>\n<p>\u201eLa 6 decembrie, cea mai \u00eenalt\u0103 instan\u0163\u0103 constitu\u0163ional\u0103 din Rom\u00e2nia a anulat turul doi programat pentru alegerile preziden\u0163iale, dup\u0103 ce ultrana\u0163ionalistul C\u0103lin Georgescu &#8211; un critic feroce al Uniunii Europene \u015fi al NATO &#8211; a c\u00e2\u015ftigat primul tur din postura de virtual necunoscut, care abia fusese \u00eenregistrat \u00een sondajele de opinie na\u0163ionale. Curtea a anulat alegerile dup\u0103 ce serviciile de securitate ale Rom\u00e2niei au declarat c\u0103 Georgescu a beneficiat de o campanie pe TikTok care seam\u0103n\u0103 cu opera\u0163iunile de influen\u0163\u0103 desf\u0103\u015furate anterior de Kremlin \u00een Ucraina \u015fi Moldova\u201d, precizeaz\u0103 Politico.<\/p>\n<p><a title=\"Nicusor Dan A FACUT ANUNTUL: Intentionez sa candidez ca INDEPENDENT la presedintie. Sunt deschis la discutii cu partidele pro-europene - VIDEO\" href=\"https:\/\/www.realitatea.net\/stiri\/actual\/nicusor-dan-anunta-daca-va-candida-sau-nu-la-alegerile-prezidentiale-conferinta-de-presa-la-ora-1800_67603264b590e36400565d82\">Nicu\u0219or Dan A FACUT ANUN\u021aUL: Inten\u021bionez s\u0103 candidez ca INDEPENDENT la pre\u0219edin\u021bie. Sunt deschis la discu\u021bii cu partidele pro-europene &#8211; VIDEO<\/a><\/p>","protected":false},"excerpt":{"rendered":"<p>\u00cen presa interna\u021bional\u0103, Nicu\u0219or Dan este prezentat ca fiind un matematician \u0219i activist \u00een v\u00e2rst\u0103&hellip;<\/p>\n","protected":false},"author":0,"featured_media":17311,"comment_status":"open","ping_status":"open","sticky":false,"template":"","format":"standard","meta":{"footnotes":""},"categories":[2],"tags":[],"class_list":["post-17310","post","type-post","status-publish","format-standard","has-post-thumbnail","hentry","category-actual"],"_links":{"self":[{"href":"https:\/\/247stiri.ro\/index.php\/wp-json\/wp\/v2\/posts\/17310","targetHints":{"allow":["GET"]}}],"collection":[{"href":"https:\/\/247stiri.ro\/index.php\/wp-json\/wp\/v2\/posts"}],"about":[{"href":"https:\/\/247stiri.ro\/index.php\/wp-json\/wp\/v2\/types\/post"}],"replies":[{"embeddable":true,"href":"https:\/\/247stiri.ro\/index.php\/wp-json\/wp\/v2\/comments?post=17310"}],"version-history":[{"count":0,"href":"https:\/\/247stiri.ro\/index.php\/wp-json\/wp\/v2\/posts\/17310\/revisions"}],"wp:featuredmedia":[{"embeddable":true,"href":"https:\/\/247stiri.ro\/index.php\/wp-json\/wp\/v2\/media\/17311"}],"wp:attachment":[{"href":"https:\/\/247stiri.ro\/index.php\/wp-json\/wp\/v2\/media?parent=17310"}],"wp:term":[{"taxonomy":"category","embeddable":true,"href":"https:\/\/247stiri.ro\/index.php\/wp-json\/wp\/v2\/categories?post=17310"},{"taxonomy":"post_tag","embeddable":true,"href":"https:\/\/247stiri.ro\/index.php\/wp-json\/wp\/v2\/tags?post=17310"}],"curies":[{"name":"wp","href":"https:\/\/api.w.org\/{rel}","templated":true}]}}