{"id":17321,"date":"2024-12-17T19:46:07","date_gmt":"2024-12-17T19:46:07","guid":{"rendered":"https:\/\/247stiri.ro\/index.php\/2024\/12\/17\/angela-merkel-dezvaluiri-fara-precedent-despre-vladimir-putin-nu-ma-asteptam-la-asa-ceva-lui-ii-era-foarte-frica-de-covid\/"},"modified":"2024-12-17T19:46:07","modified_gmt":"2024-12-17T19:46:07","slug":"angela-merkel-dezvaluiri-fara-precedent-despre-vladimir-putin-nu-ma-asteptam-la-asa-ceva-lui-ii-era-foarte-frica-de-covid","status":"publish","type":"post","link":"https:\/\/247stiri.ro\/index.php\/2024\/12\/17\/angela-merkel-dezvaluiri-fara-precedent-despre-vladimir-putin-nu-ma-asteptam-la-asa-ceva-lui-ii-era-foarte-frica-de-covid\/","title":{"rendered":"Angela Merkel, dezv\u0103luiri f\u0103r\u0103 precedent despre Vladimir Putin: &#8222;Nu m\u0103 a\u0219teptam la a\u0219a ceva. Lui ii era foarte fric\u0103 de COVID!&#8221;"},"content":{"rendered":"<p>&#8222;Cred \u0219i am scris-o \u0219i \u00een carte, c\u0103 \u0219i Covidul a creat condi\u021bii nefavorabile \u0219i a accelerat o dezvoltare nefavorabil\u0103 \u00een acest sens, pentru c\u0103 nu ne-am v\u0103zut de mult timp. Lui Putin \u00eei era foarte fric\u0103 de Covid \u0219i aceast\u0103 fric\u0103 a \u00eensemnat, \u00een cele din urm\u0103, c\u0103 nu mai puteam vorbi unii cu al\u021bii fa\u021b\u0103 \u00een fa\u021b\u0103, c\u0103 nu mai puteam discuta, diseca subiectele \u0219i poate c\u0103 acest lucru a fost negativ pentru situa\u021bia la care asist\u0103m acum \u0219i care este teribil\u0103 pentru noi to\u021bi, \u00een special pentru poporul ucrainean&#8221;, a concluzionat Angela Merkel.<\/p>\n<p>Vladimir Putin a declarat recent c\u0103 nu \u015ftia c\u0103 fostului cancelar german Angela Merkel \u00eei este fric\u0103 de c\u00e2ini, referindu-se la celebrul incident din 2007 \u00een care \u015feful de la Kremlin rus a speriat-o pe fosta \u015fef\u0103 a guvernului german l\u0103s\u00e2ndu-\u015fi labradorul \u00een camera unde discutau. Vladimir Putin, aflat \u00een vizit\u0103 \u00een Kazahstan, a fost \u00eentrebat de un jurnalist despre aceast\u0103 \u00eent\u00e2mplare, pe care Angela Merkel a considerat-o o \u201edemonstra\u0163ie de putere&#8221;, potrivit memoriilor sale publicate recent.<\/p>\n<p>\u201eA\u015fa cum i-am spus lui Merkel, nu \u015ftiam c\u0103 \u00eei este fric\u0103 de c\u00e2ini&#8221;, a dat el asigur\u0103ri. \u201eDac\u0103 a\u015f fi \u015ftiut, nu a\u015f fi f\u0103cut-o niciodat\u0103. Dimpotriv\u0103, am vrut s\u0103 creez o atmosfer\u0103 relaxat\u0103 \u015fi pl\u0103cut\u0103&#8221;, a sus\u0163inut liderul rus, provoc\u00e2nd z\u00e2mbete pe fe\u0163ele unora dintre jurnali\u015ftii prezen\u0163i. \u201eM\u0103 adresez din nou ei: Angela, scuz\u0103-m\u0103, n-am vrut s\u0103-\u0163i fac niciun r\u0103u&#8221;, a declarat Vladimir Putin.<\/p>\n<p><a title=\"Nici Donald Trump nu l-a convins pe Vladimir Putin. Razboiul din Ucraina merge mai departe \" href=\"https:\/\/www.realitatea.net\/stiri\/actual\/nici-donald-trump-nu-la-convins-pe-vladimir-putin-razboiul-din-ucraina-merge-mai-departe_6759a1f2b57a167e063bb392\">Nici Donald Trump nu l-a convins pe Vladimir Putin. R\u0103zboiul din Ucraina merge mai departe<\/a><\/p>\n<p>\u00cen 2007, \u00een timpul unor discu\u0163ii la Soci cu cancelarul german, Vladimir Putin \u015fi-a l\u0103sat brusc s\u0103 intre \u00een camer\u0103 labradorul s\u0103u negru. Animalul, pe nume Konni, s-a apropiat de Angela Merkel pentru a o adulmeca. Fobia liderului german fa\u0163\u0103 de c\u00e2ini, dup\u0103 ce a fost mu\u015fcat\u0103 \u00een tinere\u0163e, era binecunoscut\u0103. O fotografie a \u00eent\u00e2lnirii, devenit\u0103 celebr\u0103, \u00eel arat\u0103 pe c\u00e2inele negru \u015fi mare \u00een mijlocul camerei. Angela Merkel, care pare nelini\u015ftit\u0103, are ochii a\u0163inti\u0163i asupra animalului, \u00een timp ce Vladimir Putin, z\u00e2mbind, observ\u0103 scena.<\/p>\n<p>Fostul lider german nu \u00ee\u015fi aminte\u015fte \u00eent\u00e2lnirea \u00een acela\u015fi mod. \u00cen memoriile sale, Angela Merkel spune c\u0103 pre\u015fedintele rus \u201ea savurat situa\u0163ia&#8221; \u015fi probabil c\u0103 a vrut s\u0103 \u00ee\u015fi \u201earate puterea&#8221; sau s\u0103 o pun\u0103 \u201esub presiune&#8221;. \u201eR\u0103m\u00e2i calm\u0103, concentreaz\u0103-te asupra fotografilor, nu va dura mult&#8221;, dezv\u0103luie ea c\u0103 \u015fi-a spus de mai multe ori \u00een acele momente. De asemenea, ea insist\u0103 c\u0103 Vladimir Putin \u015ftia foarte bine c\u0103 ei \u00eei este fric\u0103 de c\u00e2ini.<\/p>\n<p>Liderul rus, dimpotriv\u0103, este foarte ata\u015fat de aceste animale. \u015etiind acest lucru, echipa Angelei Merkel ar fi cerut \u00een mod expres Kremlinului ca Vladimir Putin s\u0103 nu-\u015fi aduc\u0103 c\u00e2inele la \u00eent\u00e2lnirile lor, potrivit fostului cancelar. Ea sus\u0163ine c\u0103, la prima lor \u00eent\u00e2lnire la Moscova, \u00een 2006, el a respectat aceast\u0103 dorin\u0163\u0103. \u00cen schimb, i-a oferit un cadou: un c\u00e2ine de plu\u015f alb-negru. \u201eMi-a spus c\u0103 nu mu\u015fc\u0103&#8221;, a povestit Angela Merkel.<\/p>\n<p><a title='Vladimir Putin a gasit vinovatul: ,,Occidentul impinge Rusia sa raspunda la incalcarea liniilor rosii\"' href=\"https:\/\/www.realitatea.net\/stiri\/actual\/vladimir-putin-a-gasit-vinovatul-occidentul-impinge-rusia-sa-raspunda-la-incalcarea-liniilor-rosii_676015aa59b95f011116d412\">Vladimir Putin a g\u0103sit vinovatul: \u201eOccidentul \u00eempinge Rusia s\u0103 r\u0103spund\u0103 la \u00eenc\u0103lcarea liniilor ro\u0219ii\u201d<\/a><\/p>","protected":false},"excerpt":{"rendered":"<p>&#8222;Cred \u0219i am scris-o \u0219i \u00een carte, c\u0103 \u0219i Covidul a creat condi\u021bii nefavorabile \u0219i&hellip;<\/p>\n","protected":false},"author":0,"featured_media":17314,"comment_status":"open","ping_status":"open","sticky":false,"template":"","format":"standard","meta":{"footnotes":""},"categories":[2],"tags":[],"class_list":["post-17321","post","type-post","status-publish","format-standard","has-post-thumbnail","hentry","category-actual"],"_links":{"self":[{"href":"https:\/\/247stiri.ro\/index.php\/wp-json\/wp\/v2\/posts\/17321","targetHints":{"allow":["GET"]}}],"collection":[{"href":"https:\/\/247stiri.ro\/index.php\/wp-json\/wp\/v2\/posts"}],"about":[{"href":"https:\/\/247stiri.ro\/index.php\/wp-json\/wp\/v2\/types\/post"}],"replies":[{"embeddable":true,"href":"https:\/\/247stiri.ro\/index.php\/wp-json\/wp\/v2\/comments?post=17321"}],"version-history":[{"count":0,"href":"https:\/\/247stiri.ro\/index.php\/wp-json\/wp\/v2\/posts\/17321\/revisions"}],"wp:featuredmedia":[{"embeddable":true,"href":"https:\/\/247stiri.ro\/index.php\/wp-json\/wp\/v2\/media\/17314"}],"wp:attachment":[{"href":"https:\/\/247stiri.ro\/index.php\/wp-json\/wp\/v2\/media?parent=17321"}],"wp:term":[{"taxonomy":"category","embeddable":true,"href":"https:\/\/247stiri.ro\/index.php\/wp-json\/wp\/v2\/categories?post=17321"},{"taxonomy":"post_tag","embeddable":true,"href":"https:\/\/247stiri.ro\/index.php\/wp-json\/wp\/v2\/tags?post=17321"}],"curies":[{"name":"wp","href":"https:\/\/api.w.org\/{rel}","templated":true}]}}