{"id":17408,"date":"2024-12-18T08:45:15","date_gmt":"2024-12-18T08:45:15","guid":{"rendered":"https:\/\/247stiri.ro\/index.php\/2024\/12\/18\/incident-grav-in-tulcea-un-cetatean-vietnamez-arestat-preventiv-30-de-zile-dupa-ce-si-a-injunghiat-un-conational-care-i-a-reprosat-ca-facea-karaoke-in-camera-sa\/"},"modified":"2024-12-18T08:45:15","modified_gmt":"2024-12-18T08:45:15","slug":"incident-grav-in-tulcea-un-cetatean-vietnamez-arestat-preventiv-30-de-zile-dupa-ce-si-a-injunghiat-un-conational-care-i-a-reprosat-ca-facea-karaoke-in-camera-sa","status":"publish","type":"post","link":"https:\/\/247stiri.ro\/index.php\/2024\/12\/18\/incident-grav-in-tulcea-un-cetatean-vietnamez-arestat-preventiv-30-de-zile-dupa-ce-si-a-injunghiat-un-conational-care-i-a-reprosat-ca-facea-karaoke-in-camera-sa\/","title":{"rendered":"Incident grav \u00een Tulcea. Un cet\u0103\u0163ean vietnamez, arestat preventiv 30 de zile, dup\u0103 ce \u015fi-a \u00eenjunghiat un cona\u0163ional care i-a repro\u015fat c\u0103 f\u0103cea karaoke \u00een camera sa"},"content":{"rendered":"<p>Reprezentan\u0163ii Parchetului de pe l\u00e2ng\u0103 Tribunalul Tulcea au anun\u0163at c\u0103 procurorii cerceteaz\u0103 un b\u0103rbat din Vietnam pentru pentru comiterea infrac\u0163iunii de tentativ\u0103 de omor.<\/p>\n<p>\u201d\u00cen noaptea de 14\/15.12.2024, \u00een jurul orei 23,00, pe fondul consumului de alcool, dar \u015fi al faptului c\u0103 persoana v\u0103t\u0103mat\u0103 T.Q.H. &#8211; cet\u0103\u0163ean vietnamez, deranja lini\u015ftea \u00een c\u0103minul unit\u0103\u0163ii angajatoare (f\u0103cea karaoke \u00een camera sa), \u00eentre persoana v\u0103t\u0103mat\u0103 \u015fi inculpatul H.V.P. a avut loc o discu\u0163ie \u00een contradictoriu ce a degenerat \u00eentr-un conflict fizic, \u00een cadrul c\u0103ruia inculpatul H.V.K. a procedat la agresarea fizic\u0103 a persoanei v\u0103t\u0103mate T.Q.H., respectiv folosindu-se de un cu\u0163it a \u00eenjunghiat victima, cauz\u00e2ndu-i o plag\u0103 penetrant\u0103 toracic\u0103, leziune ce a pus via\u0163a victimei \u00een primejdie, leziune vindecabil\u0103 \u00een 25 \u2013 30 zile de \u00eengrijiri medicale\u201d, au transmis procurorii.<\/p>\n<p>Agresorul a fost prezentat Tribunalului Tulcea care a decis arestarea sa preventiv\u0103 pentru 30 de zile.<\/p>","protected":false},"excerpt":{"rendered":"<p>Reprezentan\u0163ii Parchetului de pe l\u00e2ng\u0103 Tribunalul Tulcea au anun\u0163at c\u0103 procurorii cerceteaz\u0103 un b\u0103rbat din&hellip;<\/p>\n","protected":false},"author":0,"featured_media":17409,"comment_status":"open","ping_status":"open","sticky":false,"template":"","format":"standard","meta":{"footnotes":""},"categories":[2],"tags":[],"class_list":["post-17408","post","type-post","status-publish","format-standard","has-post-thumbnail","hentry","category-actual"],"_links":{"self":[{"href":"https:\/\/247stiri.ro\/index.php\/wp-json\/wp\/v2\/posts\/17408","targetHints":{"allow":["GET"]}}],"collection":[{"href":"https:\/\/247stiri.ro\/index.php\/wp-json\/wp\/v2\/posts"}],"about":[{"href":"https:\/\/247stiri.ro\/index.php\/wp-json\/wp\/v2\/types\/post"}],"replies":[{"embeddable":true,"href":"https:\/\/247stiri.ro\/index.php\/wp-json\/wp\/v2\/comments?post=17408"}],"version-history":[{"count":0,"href":"https:\/\/247stiri.ro\/index.php\/wp-json\/wp\/v2\/posts\/17408\/revisions"}],"wp:featuredmedia":[{"embeddable":true,"href":"https:\/\/247stiri.ro\/index.php\/wp-json\/wp\/v2\/media\/17409"}],"wp:attachment":[{"href":"https:\/\/247stiri.ro\/index.php\/wp-json\/wp\/v2\/media?parent=17408"}],"wp:term":[{"taxonomy":"category","embeddable":true,"href":"https:\/\/247stiri.ro\/index.php\/wp-json\/wp\/v2\/categories?post=17408"},{"taxonomy":"post_tag","embeddable":true,"href":"https:\/\/247stiri.ro\/index.php\/wp-json\/wp\/v2\/tags?post=17408"}],"curies":[{"name":"wp","href":"https:\/\/api.w.org\/{rel}","templated":true}]}}