{"id":17427,"date":"2024-12-18T09:46:15","date_gmt":"2024-12-18T09:46:15","guid":{"rendered":"https:\/\/247stiri.ro\/index.php\/2024\/12\/18\/dovada-ca-ilie-bolojan-joaca-la-doua-capete-liberalul-pandeste-sefia-senatului-si-fotoliul-lui-iohannis-strategii-de-ultim-moment\/"},"modified":"2024-12-18T09:46:15","modified_gmt":"2024-12-18T09:46:15","slug":"dovada-ca-ilie-bolojan-joaca-la-doua-capete-liberalul-pandeste-sefia-senatului-si-fotoliul-lui-iohannis-strategii-de-ultim-moment","status":"publish","type":"post","link":"https:\/\/247stiri.ro\/index.php\/2024\/12\/18\/dovada-ca-ilie-bolojan-joaca-la-doua-capete-liberalul-pandeste-sefia-senatului-si-fotoliul-lui-iohannis-strategii-de-ultim-moment\/","title":{"rendered":"Dovada c\u0103 Ilie Bolojan joac\u0103 la dou\u0103 capete: liberalul p\u00e2nde\u0219te \u0219efia Senatului \u0219i fotoliul lui Iohannis &#8211; strategii de ultim moment"},"content":{"rendered":"<p>Liderul PNL Ilie Bolojan sus\u021bine c\u0103 actualul pre\u0219edinte ar trebui s\u0103 plece de la Cotroceni dup\u0103 ce i se \u00eencheie mandatul, \u00een decembrie, \u0219i nu mai t\u00e2rziu!<\/p>\n<p>\u201eDac\u0103 m-a\u0219 uita pe sondaje, av\u00e2nd \u00een vedere \u00eencrederea sc\u0103zut\u0103 \u00een acesta, ar trebui s\u0103 r\u0103spund da (Klaus Ionahhis s\u0103 plece dup\u0103 ce i se termin\u0103 mandatul, \u00een decembrie, n.r.). Dar trebuie s\u0103 discut\u0103m deschis \u2013 \u021bara noastr\u0103 are nevoie de stabilitate\u201d, a declarat Bolojan, \u00eentr-un interviu.<\/p>\n<p>\u201eP\u00e2n\u0103 nu se alege pre\u0219edintele Senatului, trebuie s\u0103 vedem cine este aceast\u0103 persoan\u0103, dac\u0103 este predictibil\u0103, dac\u0103 are cuno\u0219tin\u021be \u00een domeniul politicii externe\u201d, a completat Bolojan.<\/p>\n<p>Nu ar fi prima dat\u0103 c\u00e2nd Bolojan ar tr\u0103da. Cel mai recent exemplu este anularea sprijinului pentru Elena Lasconi pe care, spune el, a sus\u021binut-o &#8222;\u00een alt context&#8221;.\u00a0<\/p>\n<p>Iat\u0103 c\u0103 logica electoral\u0103 de ast\u0103zi s-a schimbat radical pentru liderul PNL care pare s\u0103 fie ghidat de principiul &#8222;f\u0103-te frate cu dracul p\u00e2n\u0103 treci puntea&#8221;.\u00a0<\/p>\n<p>Surse politice au declarat c\u0103 Bolojan ar juca la dou\u0103 capete, inten\u021bion\u00e2nd s\u0103 preia chiar el \u0219efia Senatului, av\u00e2nd ca scop s\u0103-\u0219i asigure, astfel, fotoliul la Cotroceni, din pozi\u021bia de interimar.<\/p>","protected":false},"excerpt":{"rendered":"<p>Liderul PNL Ilie Bolojan sus\u021bine c\u0103 actualul pre\u0219edinte ar trebui s\u0103 plece de la Cotroceni&hellip;<\/p>\n","protected":false},"author":0,"featured_media":17428,"comment_status":"open","ping_status":"open","sticky":false,"template":"","format":"standard","meta":{"footnotes":""},"categories":[3],"tags":[],"class_list":["post-17427","post","type-post","status-publish","format-standard","has-post-thumbnail","hentry","category-politica"],"_links":{"self":[{"href":"https:\/\/247stiri.ro\/index.php\/wp-json\/wp\/v2\/posts\/17427","targetHints":{"allow":["GET"]}}],"collection":[{"href":"https:\/\/247stiri.ro\/index.php\/wp-json\/wp\/v2\/posts"}],"about":[{"href":"https:\/\/247stiri.ro\/index.php\/wp-json\/wp\/v2\/types\/post"}],"replies":[{"embeddable":true,"href":"https:\/\/247stiri.ro\/index.php\/wp-json\/wp\/v2\/comments?post=17427"}],"version-history":[{"count":0,"href":"https:\/\/247stiri.ro\/index.php\/wp-json\/wp\/v2\/posts\/17427\/revisions"}],"wp:featuredmedia":[{"embeddable":true,"href":"https:\/\/247stiri.ro\/index.php\/wp-json\/wp\/v2\/media\/17428"}],"wp:attachment":[{"href":"https:\/\/247stiri.ro\/index.php\/wp-json\/wp\/v2\/media?parent=17427"}],"wp:term":[{"taxonomy":"category","embeddable":true,"href":"https:\/\/247stiri.ro\/index.php\/wp-json\/wp\/v2\/categories?post=17427"},{"taxonomy":"post_tag","embeddable":true,"href":"https:\/\/247stiri.ro\/index.php\/wp-json\/wp\/v2\/tags?post=17427"}],"curies":[{"name":"wp","href":"https:\/\/api.w.org\/{rel}","templated":true}]}}