{"id":17431,"date":"2024-12-18T09:46:16","date_gmt":"2024-12-18T09:46:16","guid":{"rendered":"https:\/\/247stiri.ro\/index.php\/2024\/12\/18\/marcel-bolos-pnl-impozitarea-progresiva-urmeaza-sa-fie-discutata-in-coalitia-de-guvernare-si-in-viitoarea-ordonanta-trenulet\/"},"modified":"2024-12-18T09:46:16","modified_gmt":"2024-12-18T09:46:16","slug":"marcel-bolos-pnl-impozitarea-progresiva-urmeaza-sa-fie-discutata-in-coalitia-de-guvernare-si-in-viitoarea-ordonanta-trenulet","status":"publish","type":"post","link":"https:\/\/247stiri.ro\/index.php\/2024\/12\/18\/marcel-bolos-pnl-impozitarea-progresiva-urmeaza-sa-fie-discutata-in-coalitia-de-guvernare-si-in-viitoarea-ordonanta-trenulet\/","title":{"rendered":"Marcel Bolo\u0219 (PNL): Impozitarea progresiv\u0103 urmeaz\u0103 s\u0103 fie discutat\u0103 \u00een coali\u021bia de guvernare \u0219i \u00een viitoarea ordonan\u021b\u0103 \u201etrenule\u021b\u201d"},"content":{"rendered":"<p>\u201ePerioada actual\u0103 pe care o parcurgem este generat\u0103 de f\u0103r\u00e2mi\u021barea deciziei in parlament si de constituirea guvernului care sunt garan\u021bii pentru a putea m\u0103surile pentru consolidarea finan\u021belor.<\/p>\n<p>Deocamdat\u0103 doar s-a tras semnalul de alarm\u0103, r\u0103m\u00e2nem \u00een continuare \u00een categoria de rating BBB- \u0219i sigur asta trebuie s\u0103 fie urmat\u0103 de luarea m\u0103surilor de consolidare fiscal-bugetar\u0103 pentru a ne men\u021bine perspectiva stabil\u0103 pe care am avut-o \u00eenainte de aceast\u0103 criz\u0103 generat\u0103 la nivel politic.<\/p>\n<p>Impozitarea progresiva urmeaz\u0103 s\u0103 fie discutat\u0103 \u00een coali\u021bia de guvernare \u0219i \u00een viitoarea ordonan\u021b\u0103 \u201etrenule\u021b\u201d.<\/p>\n<p>Mari averi trebuie s\u0103 fie definite \u00een coali\u021bia de guvernare \u0219i s\u0103 fie acceptat care este defini\u021bia.<\/p>\n<p>S\u0103 a\u0219tept\u0103m ordonan\u021ba \u201etrenule\u021b\u201d \u0219i vom vedea. Deocamdat\u0103 lucr\u0103m la ordonan\u021ba \u201etrenule\u021b\u201d \u0219i vedem ce resurse financiare avem.<\/p>\n<p>Recalcularea pensiilor este un angajament al coali\u021biei\u201d, a declarat Marcel Bolo\u0219.<\/p>","protected":false},"excerpt":{"rendered":"<p>\u201ePerioada actual\u0103 pe care o parcurgem este generat\u0103 de f\u0103r\u00e2mi\u021barea deciziei in parlament si de&hellip;<\/p>\n","protected":false},"author":0,"featured_media":17426,"comment_status":"open","ping_status":"open","sticky":false,"template":"","format":"standard","meta":{"footnotes":""},"categories":[2],"tags":[],"class_list":["post-17431","post","type-post","status-publish","format-standard","has-post-thumbnail","hentry","category-actual"],"_links":{"self":[{"href":"https:\/\/247stiri.ro\/index.php\/wp-json\/wp\/v2\/posts\/17431","targetHints":{"allow":["GET"]}}],"collection":[{"href":"https:\/\/247stiri.ro\/index.php\/wp-json\/wp\/v2\/posts"}],"about":[{"href":"https:\/\/247stiri.ro\/index.php\/wp-json\/wp\/v2\/types\/post"}],"replies":[{"embeddable":true,"href":"https:\/\/247stiri.ro\/index.php\/wp-json\/wp\/v2\/comments?post=17431"}],"version-history":[{"count":0,"href":"https:\/\/247stiri.ro\/index.php\/wp-json\/wp\/v2\/posts\/17431\/revisions"}],"wp:featuredmedia":[{"embeddable":true,"href":"https:\/\/247stiri.ro\/index.php\/wp-json\/wp\/v2\/media\/17426"}],"wp:attachment":[{"href":"https:\/\/247stiri.ro\/index.php\/wp-json\/wp\/v2\/media?parent=17431"}],"wp:term":[{"taxonomy":"category","embeddable":true,"href":"https:\/\/247stiri.ro\/index.php\/wp-json\/wp\/v2\/categories?post=17431"},{"taxonomy":"post_tag","embeddable":true,"href":"https:\/\/247stiri.ro\/index.php\/wp-json\/wp\/v2\/tags?post=17431"}],"curies":[{"name":"wp","href":"https:\/\/api.w.org\/{rel}","templated":true}]}}