{"id":17432,"date":"2024-12-18T09:46:16","date_gmt":"2024-12-18T09:46:16","guid":{"rendered":"https:\/\/247stiri.ro\/index.php\/2024\/12\/18\/o-fosta-primarita-psd-si-sotul-ei-dupa-ce-au-batut-un-procuror-cei-doi-cer-interventia-curtii-de-justitie-a-uniunii-europene\/"},"modified":"2024-12-18T09:46:16","modified_gmt":"2024-12-18T09:46:16","slug":"o-fosta-primarita-psd-si-sotul-ei-dupa-ce-au-batut-un-procuror-cei-doi-cer-interventia-curtii-de-justitie-a-uniunii-europene","status":"publish","type":"post","link":"https:\/\/247stiri.ro\/index.php\/2024\/12\/18\/o-fosta-primarita-psd-si-sotul-ei-dupa-ce-au-batut-un-procuror-cei-doi-cer-interventia-curtii-de-justitie-a-uniunii-europene\/","title":{"rendered":"O fost\u0103 prim\u0103ri\u021b\u0103 PSD \u0219i so\u021bul ei, dup\u0103 ce au b\u0103tut un procuror. Cei doi cer interven\u021bia Cur\u021bii de Justi\u021bie a Uniunii Europene"},"content":{"rendered":"<p>Livia B\u00e2rl\u0103u, fosta prim\u0103ri\u021b\u0103 PSD a comunei Brusturi, \u0219i so\u021bul acesteia, Petre B\u00e2rl\u0103u, se afl\u0103 \u00een fa\u021ba unui proces important la Tribunalul Bihor, fiind judeca\u021bi pentru o tentativ\u0103 de omor asupra fostului procuror Ioan Bodogai, comis\u0103 \u00een 2021. Cei doi au cerut instan\u021bei s\u0103 sesizeze Curtea de Justi\u021bie a Uniunii Europene (CJUE), invoc\u00e2nd faptul c\u0103 justi\u021bia din Rom\u00e2nia nu le respect\u0103 dreptul la un proces echitabil, conform presei locale.<\/p>\n<p>Scopul acestui demers este schimbarea \u00eencadr\u0103rii juridice a faptei din &#8222;tentativ\u0103 de omor&#8221; \u00eentr-o infrac\u021biune mai pu\u021bin grav\u0103, precum &#8222;v\u0103t\u0103mare corporal\u0103&#8221;. \u00cen acest fel, so\u021bii B\u00e2rl\u0103u ar putea evita o condamnare cu executare a pedepsei, chiar dac\u0103 ar fi g\u0103si\u021bi vinova\u021bi, av\u00e2nd \u00een vedere c\u0103 pedeapsa pentru v\u0103t\u0103mare corporal\u0103 este mult mai bl\u00e2nd\u0103, variind \u00eentre 2 \u0219i 5 ani de \u00eenchisoare, iar \u00een anumite condi\u021bii pedeapsa poate fi suspendat\u0103.<\/p>\n<p>Aceast\u0103 cerere a fost formulat\u0103 dup\u0103 ce, \u00een cadrul procesului, so\u021bii B\u00e2rl\u0103u au recunoscut faptele comise asupra lui Bodogai, solicit\u00e2nd s\u0103 fie judeca\u021bi \u00een procedur\u0103 simplificat\u0103, dar pentru v\u0103t\u0103mare corporal\u0103. Cererea lor a fost respins\u0103, deoarece procesul a fost deschis pentru stabilirea vinov\u0103\u021biei \u00een cazul tentativei de omor.<\/p>\n<p>\u00cen timpul \u0219edin\u021bei de judecat\u0103 de mar\u021bi, at\u00e2t avocatul victimei, Cristian B\u0103l\u0103neanu, c\u00e2t \u0219i procurorul de \u0219edin\u021b\u0103 s-au opus sesiz\u0103rii CJUE, consider\u00e2nd c\u0103 aceasta nu are competen\u021ba de a se pronun\u021ba asupra unei schimb\u0103ri de \u00eencadrare juridic\u0103. Judec\u0103torul Liviu Ardelean a stabilit un nou termen pentru 9 ianuarie 2025, c\u00e2nd va decide dac\u0103 admite cererea so\u021bilor B\u00e2rl\u0103u de a sesiza instan\u021ba european\u0103 \u0219i, implicit, de a suspenda procesul p\u00e2n\u0103 la o posibil\u0103 decizie a acesteia.<\/p>\n<p>Evenimentele care au dus la acest proces au avut loc \u00een 2021, c\u00e2nd Livia \u0219i Petre B\u00e2rl\u0103u l-au b\u0103tut pe Ioan Bodogai, \u00een magazinul lor din centrul localit\u0103\u021bii Brusturi. Cei doi l-au lovit cu un cle\u0219te din o\u021bel pe fostul procuror, l\u0103s\u00e2ndu-l grav r\u0103nit \u0219i \u00een stare de \u0219oc. Incidentul a fost \u00eenregistrat de camerele de supraveghere ale magazinului \u0219i, de\u0219i so\u021bii B\u00e2rl\u0103u au \u00eencercat s\u0103 \u0219tearg\u0103 \u00eenregistr\u0103rile, poli\u021bia a reu\u0219it s\u0103 recupereze dovezile. Bodogai a fost internat de urgen\u021b\u0103 \u0219i a avut nevoie de mai mult de 100 de zile de \u00eengrijiri medicale.<\/p>\n<p>Motivul pentru care so\u021bii B\u00e2rl\u0103u l-au agresat pe fostul procuror a fost o disput\u0103 legat\u0103 de promisiunile politice ne\u00eendeplinite ale lui Bodogai, care ar fi dezv\u0103luit faptele lor de corup\u021bie c\u0103tre opozi\u021bie. \u00cen plus, nu este pentru prima dat\u0103 c\u00e2nd ace\u0219tia sunt implica\u021bi \u00een violen\u021be politice, exist\u00e2nd informa\u021bii despre atacuri anterioare asupra unor adversari politici. De asemenea, \u0219i actualul primar al comunei Brusturi, Radu Gavra, ar fi fost \u021binta unui atac organizat de so\u021bii B\u00e2rl\u0103u, caz aflat \u00eenc\u0103 \u00een ancheta Parchetului Bihor.<\/p>","protected":false},"excerpt":{"rendered":"<p>Livia B\u00e2rl\u0103u, fosta prim\u0103ri\u021b\u0103 PSD a comunei Brusturi, \u0219i so\u021bul acesteia, Petre B\u00e2rl\u0103u, se afl\u0103&hellip;<\/p>\n","protected":false},"author":0,"featured_media":17433,"comment_status":"open","ping_status":"open","sticky":false,"template":"","format":"standard","meta":{"footnotes":""},"categories":[2],"tags":[],"class_list":["post-17432","post","type-post","status-publish","format-standard","has-post-thumbnail","hentry","category-actual"],"_links":{"self":[{"href":"https:\/\/247stiri.ro\/index.php\/wp-json\/wp\/v2\/posts\/17432","targetHints":{"allow":["GET"]}}],"collection":[{"href":"https:\/\/247stiri.ro\/index.php\/wp-json\/wp\/v2\/posts"}],"about":[{"href":"https:\/\/247stiri.ro\/index.php\/wp-json\/wp\/v2\/types\/post"}],"replies":[{"embeddable":true,"href":"https:\/\/247stiri.ro\/index.php\/wp-json\/wp\/v2\/comments?post=17432"}],"version-history":[{"count":0,"href":"https:\/\/247stiri.ro\/index.php\/wp-json\/wp\/v2\/posts\/17432\/revisions"}],"wp:featuredmedia":[{"embeddable":true,"href":"https:\/\/247stiri.ro\/index.php\/wp-json\/wp\/v2\/media\/17433"}],"wp:attachment":[{"href":"https:\/\/247stiri.ro\/index.php\/wp-json\/wp\/v2\/media?parent=17432"}],"wp:term":[{"taxonomy":"category","embeddable":true,"href":"https:\/\/247stiri.ro\/index.php\/wp-json\/wp\/v2\/categories?post=17432"},{"taxonomy":"post_tag","embeddable":true,"href":"https:\/\/247stiri.ro\/index.php\/wp-json\/wp\/v2\/tags?post=17432"}],"curies":[{"name":"wp","href":"https:\/\/api.w.org\/{rel}","templated":true}]}}