{"id":17436,"date":"2024-12-18T09:46:16","date_gmt":"2024-12-18T09:46:16","guid":{"rendered":"https:\/\/247stiri.ro\/index.php\/2024\/12\/18\/donald-trump-are-tiktok-ul-la-suflet-ce-declaratii-a-facut-presedintele-sua-despre-aceasta-platforma-de-socializare\/"},"modified":"2024-12-18T09:46:16","modified_gmt":"2024-12-18T09:46:16","slug":"donald-trump-are-tiktok-ul-la-suflet-ce-declaratii-a-facut-presedintele-sua-despre-aceasta-platforma-de-socializare","status":"publish","type":"post","link":"https:\/\/247stiri.ro\/index.php\/2024\/12\/18\/donald-trump-are-tiktok-ul-la-suflet-ce-declaratii-a-facut-presedintele-sua-despre-aceasta-platforma-de-socializare\/","title":{"rendered":"Donald Trump are TikTok-ul la suflet. Ce declara\u021bii a f\u0103cut pre\u0219edintele SUA despre aceast\u0103 platform\u0103 de socializare"},"content":{"rendered":"<p>Cum inten\u021biona\u021bi s\u0103 opri\u021bi interzicerea TikTok luna viitoare?&#8221;Vom arunca o privire asupra TikTok. \u0218ti\u021bi, eu am un loc special \u00een inima mea pentru TikTok, pentru c\u0103 am c\u00e2\u0219tigat voturile tinerilor la 34 de puncte. \u0218i sunt unii care spun c\u0103 TikTok are o leg\u0103tur\u0103 cu asta. Acum, Joe Rogan a f\u0103cut-o, dar \u0219i unii dintre oamenii care au fost recomanda\u021bi de fiul meu Arron. El i-a cunoscut, eu am \u00eentrebat \u201dCine este \u0103sta?\u201d, Iar el \u00eemi r\u0103spundea \u201eglume\u0219ti, nu pot s\u0103 cred c\u0103 nu \u0219tii\u201d. \u0218i am f\u0103cut acele interviuri \u0219i a fost de fapt, cumva dr\u0103gu\u021b. Vrei s\u0103 \u0219tii adev\u0103rul? L-am f\u0103cut \u0219i asta a avut un impact, dar TikTok a avut un impact, a\u0219a c\u0103 o s\u0103 arunc\u0103m o privire,&#8221; a declarat pre;edintele Donald Trump.<\/p>\n<p><a href=\"https:\/\/www.realitatea.net\/stiri\/politica\/calin-georgescu-acuza-iohannis-vrea-sa-fie-presedinte-pe-viata-candidatul-independent-rupe-tacerea-cine-nu-are-interes-ca-el-sa-ajunga-presedintele-romaniei_676279ed2d62f143994ad849\" target=\"_blank\">C\u0103lin Georgescu acuz\u0103: &#8222;Iohannis vrea s\u0103 fie pre\u0219edinte pe via\u021b\u0103&#8221;. Candidatul independent rupe t\u0103cerea: CINE nu are interes ca el s\u0103 ajung\u0103 pre\u0219edintele Rom\u00e2niei<\/a><\/p>","protected":false},"excerpt":{"rendered":"<p>Cum inten\u021biona\u021bi s\u0103 opri\u021bi interzicerea TikTok luna viitoare?&#8221;Vom arunca o privire asupra TikTok. \u0218ti\u021bi, eu&hellip;<\/p>\n","protected":false},"author":0,"featured_media":17424,"comment_status":"open","ping_status":"open","sticky":false,"template":"","format":"standard","meta":{"footnotes":""},"categories":[2],"tags":[],"class_list":["post-17436","post","type-post","status-publish","format-standard","has-post-thumbnail","hentry","category-actual"],"_links":{"self":[{"href":"https:\/\/247stiri.ro\/index.php\/wp-json\/wp\/v2\/posts\/17436","targetHints":{"allow":["GET"]}}],"collection":[{"href":"https:\/\/247stiri.ro\/index.php\/wp-json\/wp\/v2\/posts"}],"about":[{"href":"https:\/\/247stiri.ro\/index.php\/wp-json\/wp\/v2\/types\/post"}],"replies":[{"embeddable":true,"href":"https:\/\/247stiri.ro\/index.php\/wp-json\/wp\/v2\/comments?post=17436"}],"version-history":[{"count":0,"href":"https:\/\/247stiri.ro\/index.php\/wp-json\/wp\/v2\/posts\/17436\/revisions"}],"wp:featuredmedia":[{"embeddable":true,"href":"https:\/\/247stiri.ro\/index.php\/wp-json\/wp\/v2\/media\/17424"}],"wp:attachment":[{"href":"https:\/\/247stiri.ro\/index.php\/wp-json\/wp\/v2\/media?parent=17436"}],"wp:term":[{"taxonomy":"category","embeddable":true,"href":"https:\/\/247stiri.ro\/index.php\/wp-json\/wp\/v2\/categories?post=17436"},{"taxonomy":"post_tag","embeddable":true,"href":"https:\/\/247stiri.ro\/index.php\/wp-json\/wp\/v2\/tags?post=17436"}],"curies":[{"name":"wp","href":"https:\/\/api.w.org\/{rel}","templated":true}]}}