{"id":17446,"date":"2024-12-18T10:45:17","date_gmt":"2024-12-18T10:45:17","guid":{"rendered":"https:\/\/247stiri.ro\/index.php\/2024\/12\/18\/sedinta-decisiva-pentru-soarta-viitorului-guvern-miercuri-seara-la-palatul-victoria-noul-executiv-ar-putea-fi-investit-luni-sau-marti-surse\/"},"modified":"2024-12-18T10:45:17","modified_gmt":"2024-12-18T10:45:17","slug":"sedinta-decisiva-pentru-soarta-viitorului-guvern-miercuri-seara-la-palatul-victoria-noul-executiv-ar-putea-fi-investit-luni-sau-marti-surse","status":"publish","type":"post","link":"https:\/\/247stiri.ro\/index.php\/2024\/12\/18\/sedinta-decisiva-pentru-soarta-viitorului-guvern-miercuri-seara-la-palatul-victoria-noul-executiv-ar-putea-fi-investit-luni-sau-marti-surse\/","title":{"rendered":"\u0218edin\u021b\u0103 decisiv\u0103 pentru soarta viitorului guvern, miercuri seara, la Palatul Victoria. Noul Executiv ar putea fi \u00eenvestit luni sau mar\u021bi &#8211; SURSE"},"content":{"rendered":"<p>Potrivit unor surse, vor fi discu\u021bii noi la Guvern ast\u0103zi, la ora 16.00. Vom vedea, cel mai probabil atunci, ce se \u00eent\u00e2mpl\u0103 cu USR pentru c\u0103 \u0219tim c\u0103 este un scandal, \u0219i asta deoarece forma\u021biunea condus\u0103 de Elena Lasconi nu a vrut s\u0103 participe la primele discu\u021bii din noua coali\u021bie.\u00a0<\/p>\n<p>Sursele citate mai spun c\u0103 <a href=\"https:\/\/www.realitatea.net\/stiri\/actual\/marcel-bolos-pnl-impozitarea-progresiva-urmeaza-sa-fie-discutata-in-coalitia-de-guvernare-si-in-viitoarea-ordonanta-trenulet_6762960007086a6f472fac22\" target=\"_blank\">\u00eenghe\u021barea salariilor<\/a> este o decizie pe care o va lua viitorul guvern.\u00a0<\/p>\n<p>Cert \u00een aceste momente este c\u0103 va exista un premier cu mandat complet.\u00a0<\/p>\n<p>Sursele Realitatea PLUS sus\u021bin c\u0103 la \u00eenceputul s\u0103pt\u0103m\u00e2nii viitoare ar putea fi investit noul guvern.\u00a0<\/p>","protected":false},"excerpt":{"rendered":"<p>Potrivit unor surse, vor fi discu\u021bii noi la Guvern ast\u0103zi, la ora 16.00. Vom vedea,&hellip;<\/p>\n","protected":false},"author":0,"featured_media":17447,"comment_status":"open","ping_status":"open","sticky":false,"template":"","format":"standard","meta":{"footnotes":""},"categories":[3],"tags":[],"class_list":["post-17446","post","type-post","status-publish","format-standard","has-post-thumbnail","hentry","category-politica"],"_links":{"self":[{"href":"https:\/\/247stiri.ro\/index.php\/wp-json\/wp\/v2\/posts\/17446","targetHints":{"allow":["GET"]}}],"collection":[{"href":"https:\/\/247stiri.ro\/index.php\/wp-json\/wp\/v2\/posts"}],"about":[{"href":"https:\/\/247stiri.ro\/index.php\/wp-json\/wp\/v2\/types\/post"}],"replies":[{"embeddable":true,"href":"https:\/\/247stiri.ro\/index.php\/wp-json\/wp\/v2\/comments?post=17446"}],"version-history":[{"count":0,"href":"https:\/\/247stiri.ro\/index.php\/wp-json\/wp\/v2\/posts\/17446\/revisions"}],"wp:featuredmedia":[{"embeddable":true,"href":"https:\/\/247stiri.ro\/index.php\/wp-json\/wp\/v2\/media\/17447"}],"wp:attachment":[{"href":"https:\/\/247stiri.ro\/index.php\/wp-json\/wp\/v2\/media?parent=17446"}],"wp:term":[{"taxonomy":"category","embeddable":true,"href":"https:\/\/247stiri.ro\/index.php\/wp-json\/wp\/v2\/categories?post=17446"},{"taxonomy":"post_tag","embeddable":true,"href":"https:\/\/247stiri.ro\/index.php\/wp-json\/wp\/v2\/tags?post=17446"}],"curies":[{"name":"wp","href":"https:\/\/api.w.org\/{rel}","templated":true}]}}