{"id":17450,"date":"2024-12-18T10:45:18","date_gmt":"2024-12-18T10:45:18","guid":{"rendered":"https:\/\/247stiri.ro\/index.php\/2024\/12\/18\/scandal-monstru-la-demolarea-anexelor-unei-biserici-la-constanta-o-femeie-s-a-asezat-in-fata-constructiei-pentru-a-impiedica-demolarea\/"},"modified":"2024-12-18T10:45:18","modified_gmt":"2024-12-18T10:45:18","slug":"scandal-monstru-la-demolarea-anexelor-unei-biserici-la-constanta-o-femeie-s-a-asezat-in-fata-constructiei-pentru-a-impiedica-demolarea","status":"publish","type":"post","link":"https:\/\/247stiri.ro\/index.php\/2024\/12\/18\/scandal-monstru-la-demolarea-anexelor-unei-biserici-la-constanta-o-femeie-s-a-asezat-in-fata-constructiei-pentru-a-impiedica-demolarea\/","title":{"rendered":"Scandal monstru la demolarea anexelor unei biserici, la Constan\u021ba. O femeie s-a a\u015fezat \u00een fa\u0163a construc\u0163iei pentru a \u00eempiedica demolarea"},"content":{"rendered":"<p>Reprezentan\u0163ii Poli\u0163iei Locale au mers, miercuri, la biserica de pe strada \u015etef\u0103ni\u0163\u0103 Vod\u0103 din municipiul Constan\u0163a pentru a demola mai multe anexe ilegale aflate l\u00e2ng\u0103 l\u0103ca\u015ful de cult.<\/p>\n<p>\u201dEste vorba despre d\u0103r\u00e2marea unei biserici care exist\u0103 aici de 22 de ani. Am fost \u00een\u015ftiin\u0163a\u0163i doar verbal de c\u0103tre institu\u0163ia Prim\u0103riei cam de dou\u0103 s\u0103pt\u0103m\u00e2ni. Au venit reprezentan\u0163i ai Prim\u0103riei, ne-au spus doar verbal. Nu am primit nicio h\u00e2rtie sau notificare oficial\u0103. Am primit de-abia alalt\u0103ieri o decizie de demolare \u015fi ast\u0103zi v\u0103d ca s-a pus \u00een practic\u0103 dispozi\u0163ia de demolare f\u0103r\u0103 a ne \u00een\u015ftiin\u0163a c\u0103 vin ast\u0103zi\u201d, a afirmat preotul Radu Her\u0163eg, care sluje\u0219te biserica.<\/p>\n<p>O femeia a \u00eencercat s\u0103 \u00eempiedice opera\u0163iunea de demolare \u015fi s-a a\u015fezat \u00een fa\u0163a unei anexe, dar a fost \u00eendep\u0103rtat\u0103 de c\u0103tre poli\u0163i\u015ftii locali.<\/p>\n<p>Reprezentan\u0163ii Prim\u0103riei Constan\u0163a sus\u0163in c\u0103 axenele respective au fost ridicate ilegal \u015fi c\u0103 \u00een zona respectiv\u0103 urmeaz\u0103 s\u0103 fie amenajat un parc.<\/p>","protected":false},"excerpt":{"rendered":"<p>Reprezentan\u0163ii Poli\u0163iei Locale au mers, miercuri, la biserica de pe strada \u015etef\u0103ni\u0163\u0103 Vod\u0103 din municipiul&hellip;<\/p>\n","protected":false},"author":0,"featured_media":17451,"comment_status":"open","ping_status":"open","sticky":false,"template":"","format":"standard","meta":{"footnotes":""},"categories":[2],"tags":[],"class_list":["post-17450","post","type-post","status-publish","format-standard","has-post-thumbnail","hentry","category-actual"],"_links":{"self":[{"href":"https:\/\/247stiri.ro\/index.php\/wp-json\/wp\/v2\/posts\/17450","targetHints":{"allow":["GET"]}}],"collection":[{"href":"https:\/\/247stiri.ro\/index.php\/wp-json\/wp\/v2\/posts"}],"about":[{"href":"https:\/\/247stiri.ro\/index.php\/wp-json\/wp\/v2\/types\/post"}],"replies":[{"embeddable":true,"href":"https:\/\/247stiri.ro\/index.php\/wp-json\/wp\/v2\/comments?post=17450"}],"version-history":[{"count":0,"href":"https:\/\/247stiri.ro\/index.php\/wp-json\/wp\/v2\/posts\/17450\/revisions"}],"wp:featuredmedia":[{"embeddable":true,"href":"https:\/\/247stiri.ro\/index.php\/wp-json\/wp\/v2\/media\/17451"}],"wp:attachment":[{"href":"https:\/\/247stiri.ro\/index.php\/wp-json\/wp\/v2\/media?parent=17450"}],"wp:term":[{"taxonomy":"category","embeddable":true,"href":"https:\/\/247stiri.ro\/index.php\/wp-json\/wp\/v2\/categories?post=17450"},{"taxonomy":"post_tag","embeddable":true,"href":"https:\/\/247stiri.ro\/index.php\/wp-json\/wp\/v2\/tags?post=17450"}],"curies":[{"name":"wp","href":"https:\/\/api.w.org\/{rel}","templated":true}]}}