{"id":17453,"date":"2024-12-18T10:45:18","date_gmt":"2024-12-18T10:45:18","guid":{"rendered":"https:\/\/247stiri.ro\/index.php\/2024\/12\/18\/mai-multe-persoane-au-inceput-sa-se-simta-rau-in-timpul-unui-concert-desfasurat-la-dresda-germania-doua-victime-transportate-la-spital\/"},"modified":"2024-12-18T10:45:18","modified_gmt":"2024-12-18T10:45:18","slug":"mai-multe-persoane-au-inceput-sa-se-simta-rau-in-timpul-unui-concert-desfasurat-la-dresda-germania-doua-victime-transportate-la-spital","status":"publish","type":"post","link":"https:\/\/247stiri.ro\/index.php\/2024\/12\/18\/mai-multe-persoane-au-inceput-sa-se-simta-rau-in-timpul-unui-concert-desfasurat-la-dresda-germania-doua-victime-transportate-la-spital\/","title":{"rendered":"Mai multe persoane au \u00eenceput s\u0103 se simt\u0103 r\u0103u \u00een timpul unui concert desf\u0103\u015furat la Dresda, Germania. Dou\u0103 victime, transportate la spital"},"content":{"rendered":"<p>Mai multe persoane au fost tratate de paramedici, mar\u0163i, dup\u0103 ce au \u00eenceput s\u0103 se simt\u0103 r\u0103u \u00een timpul unui concert desf\u0103\u015furat la Semperoper din Dresda, Germania. Ulterior, \u00eens\u0103, \u015fi unii dintre paramedicii veni\u0163i \u00een ajutor au acuzat simptome similare, informeaz\u0103 DPA.Unii dintre spectatori au raportat probleme circulatorii \u015fi respiratorii, iar doi dintre ace\u015ftia au fost transporta\u0163i la spital, a declarat Departamentul de Pompieri din Dresda, \u00eentr-un comunicat.Ulterior, patru paramedici au prezentat simptome similare, ceea ce a determinat brigada de pompieri s\u0103 solicite interven\u0163ia unor unit\u0103\u0163i specializate dotate cu aparate de asistare a respira\u0163iei.Paramedicii au fost examina\u0163i de c\u0103tre un medic, iar poli\u0163ia a raportat c\u0103 un spectator era incon\u015ftient.Cu toate acestea, \u00een cl\u0103dire nu au fost detectate substan\u0163e periculoase.Cauza incidentului r\u0103m\u00e2ne neclar\u0103, iar poli\u0163ia a demarat o anchet\u0103.\u00cen timpul concertului, Staatskapelle Dresden, sub conducerea lui Philippe Herreweghe, a interpretat lucr\u0103ri de Joseph Haydn \u015fi Wolfgang Amadeus Mozart.Deoarece incidentul a avut loc spre sf\u00e2r\u015fitul concertului, evacuarea operei nu a fost necesar\u0103, a precizat brigada de pompieri, scrie Agerpres.<\/p>\n<p><a href=\"https:\/\/www.realitatea.net\/stiri\/actual\/zelenski-intalnire-la-bruxelles-cu-seful-nato-si-cu-alti-lideri-europeni-pentru-discutii-inainte-de-intoarcerea-lui-trump-la-casa-alba_6762a22d559b8a105b057d52\" target=\"_blank\">Zelenski, \u00eent\u00e2lnire la Bruxelles cu \u015feful NATO \u015fi cu al\u021bi lideri europeni pentru discu\u0163ii \u00eenainte de \u00eentoarcerea lui Trump la Casa Alb\u0103<\/a><\/p>","protected":false},"excerpt":{"rendered":"<p>Mai multe persoane au fost tratate de paramedici, mar\u0163i, dup\u0103 ce au \u00eenceput s\u0103 se&hellip;<\/p>\n","protected":false},"author":0,"featured_media":17438,"comment_status":"open","ping_status":"open","sticky":false,"template":"","format":"standard","meta":{"footnotes":""},"categories":[2],"tags":[],"class_list":["post-17453","post","type-post","status-publish","format-standard","has-post-thumbnail","hentry","category-actual"],"_links":{"self":[{"href":"https:\/\/247stiri.ro\/index.php\/wp-json\/wp\/v2\/posts\/17453","targetHints":{"allow":["GET"]}}],"collection":[{"href":"https:\/\/247stiri.ro\/index.php\/wp-json\/wp\/v2\/posts"}],"about":[{"href":"https:\/\/247stiri.ro\/index.php\/wp-json\/wp\/v2\/types\/post"}],"replies":[{"embeddable":true,"href":"https:\/\/247stiri.ro\/index.php\/wp-json\/wp\/v2\/comments?post=17453"}],"version-history":[{"count":0,"href":"https:\/\/247stiri.ro\/index.php\/wp-json\/wp\/v2\/posts\/17453\/revisions"}],"wp:featuredmedia":[{"embeddable":true,"href":"https:\/\/247stiri.ro\/index.php\/wp-json\/wp\/v2\/media\/17438"}],"wp:attachment":[{"href":"https:\/\/247stiri.ro\/index.php\/wp-json\/wp\/v2\/media?parent=17453"}],"wp:term":[{"taxonomy":"category","embeddable":true,"href":"https:\/\/247stiri.ro\/index.php\/wp-json\/wp\/v2\/categories?post=17453"},{"taxonomy":"post_tag","embeddable":true,"href":"https:\/\/247stiri.ro\/index.php\/wp-json\/wp\/v2\/tags?post=17453"}],"curies":[{"name":"wp","href":"https:\/\/api.w.org\/{rel}","templated":true}]}}