{"id":17454,"date":"2024-12-18T10:45:18","date_gmt":"2024-12-18T10:45:18","guid":{"rendered":"https:\/\/247stiri.ro\/index.php\/2024\/12\/18\/zelenski-intalnire-la-bruxelles-cu-seful-nato-si-cu-alti-lideri-europeni-pentru-discutii-inainte-de-intoarcerea-lui-trump-la-casa-alba\/"},"modified":"2024-12-18T10:45:18","modified_gmt":"2024-12-18T10:45:18","slug":"zelenski-intalnire-la-bruxelles-cu-seful-nato-si-cu-alti-lideri-europeni-pentru-discutii-inainte-de-intoarcerea-lui-trump-la-casa-alba","status":"publish","type":"post","link":"https:\/\/247stiri.ro\/index.php\/2024\/12\/18\/zelenski-intalnire-la-bruxelles-cu-seful-nato-si-cu-alti-lideri-europeni-pentru-discutii-inainte-de-intoarcerea-lui-trump-la-casa-alba\/","title":{"rendered":"Zelenski, \u00eent\u00e2lnire la Bruxelles cu \u015feful NATO \u015fi cu al\u021bi lideri europeni pentru discu\u0163ii \u00eenainte de \u00eentoarcerea lui Trump la Casa Alb\u0103"},"content":{"rendered":"<p>Acest mini-summit informal, care va avea loc la re\u015fedin\u0163a secretarului general al NATO, va fi o ocazie de a discuta, la cel mai \u00eenalt nivel, despre \u201eurm\u0103torii pa\u015fi\u201d, dup\u0103 mai mult de o mie de zile de conflict \u00een Ucraina, potrivit \u015fefei guvernului italian, Giorgia Meloni.<\/p>\n<p>Mark Rutte, care a preluat mandatul \u00een fruntea NATO la \u00eenceputul lunii octombrie, dore\u015fte s\u0103-i reuneasc\u0103 pe alia\u0163ii europeni care sunt \u201ecei mai fermi\u201d \u00een sprijinul lor pentru Kiev pentru a canaliza discu\u0163iile pe dou\u0103 subiecte: cum s\u0103 fac\u0103 fa\u0163\u0103 noii administra\u0163ii Trump \u015fi ce se mai poate face pentru Ucraina, a rezumat un diplomat de la Bruxelles.<\/p>\n<p>\u00cen afar\u0103 de liderul italian, printre participan\u0163ii la discu\u0163ii sunt premierul polonez Donald Tusk \u015fi cancelarul german Olaf Scholz. \u015ei pre\u015fedintele francez Emmanuel Macron trebuia ini\u0163ial s\u0103 participe, \u00eens\u0103 plecarea sa la Mayotte, un arhipelag francez din Oceanul Indian devastat de ciclonul Chido, ar putea pune sub semnul \u00eentreb\u0103rii participarea sa. Regatul Unit va fi reprezentat de ministrul de externe David Lammy, iar Uniunea European\u0103 de pre\u015fedintele Comisiei, Ursula von der Leyen, \u015fi de pre\u015fedintele Consiliului European, Antonio Costa.<\/p>\n<p>Europenii sunt \u00eengrijora\u0163i de posibilitatea unei suspend\u0103ri a ajutorului militar american pentru Ucraina \u015fi de promisiunile lui Donald Trump de a pune cap\u0103t r\u0103zboiului \u201e\u00een 24 de ore\u201d. \u00cen acest context, Ucraina sugereaz\u0103 acum posibilitatea unor negocieri de pace, pe care mult timp le-a respins, cu condi\u0163ia de a primi garan\u0163ii de securitate.<\/p>\n<p>APEL PENTRU O PACE \u201eCARE S\u0102 DUREZE\u201d<\/p>\n<p>Mar\u0163i, Zelenski a f\u0103cut apel la o \u201epace care s\u0103 dureze\u201d \u00een Ucraina, pe care liderul rus Vladimir Putin s\u0103 \u201enu o mai poate \u00eenc\u0103lca\u201d. \u015ei singura modalitate prin care pre\u015fedintele ucrainean vede c\u0103 se poate garanta acest lucru este ca Ucraina s\u0103 adere la NATO \u015fi s\u0103 beneficieze de protec\u0163ia acesteia.<\/p>\n<p>\u00cens\u0103, potrivit NATO, aceast\u0103 perspectiv\u0103 \u201eireversibil\u0103\u201d nu este totu\u015fi o realitate \u00eenc\u0103, iar ideea de a oferi altfel garan\u0163ii de securitate c\u00e2\u015ftig\u0103 teren. S\u0103pt\u0103m\u00e2na trecut\u0103, la Var\u015fovia, Fran\u0163a \u015fi Polonia au discutat despre trimiterea de trupe \u00een Ucraina pentru a garanta o eventual\u0103 \u00eencetare a focului.<\/p>\n<p>Discu\u0163ia progreseaz\u0103, dar este \u00eenc\u0103 dificil\u0103 av\u00e2nd \u00een vedere incertitudinea legat\u0103 de viitoarele propuneri ale lui Donald Trump, dup\u0103 cum a subliniat un diplomat european. Prin urmare, obiectivul este \u00een primul r\u00e2nd \u201ede a face Ucraina c\u00e2t mai puternic\u0103 posibil \u00eenainte de orice negocieri\u201d, potrivit unei surse apropiate de guvernul german.<\/p>\n<p>Ideea este de a confirma \u201elinia de ac\u0163iune comun\u0103\u201d \u00eentre europeni, men\u0163in\u00e2nd \u00een acela\u015fi timp \u201eo coordonare str\u00e2ns\u0103 cu privire la pa\u015fii care urmeaz\u0103 s\u0103 fie f\u0103cu\u0163i\u201d, a subliniat Giorgia Meloni.<\/p>\n<p>Iar pentru pre\u015fedintele ucrainean, nevoia urgent\u0103 este de a ob\u0163ine mai multe arme care s\u0103 \u00eei permit\u0103 s\u0103 schimbe situa\u0163ia pe c\u00e2mpul de lupt\u0103.<\/p>\n<p>El a declarat mar\u0163i c\u0103 \u0163ara sa are nevoie de 12 p\u00e2n\u0103 la 15 sisteme suplimentare de ap\u0103rare aerian\u0103 pentru a se proteja de loviturile constante efectuate de for\u0163ele ruse \u00eempotriva ora\u015felor \u015fi infrastructurii sale energetice. \u201eSe poate face acest lucru. Factorul principal este voin\u0163a politic\u0103\u201d, a spus el.<\/p>\n<p>Mar\u0163i, armata rus\u0103 a afirmat c\u0103 a cucerit 189 de ora\u015fe ucrainene p\u00e2n\u0103 \u00een 2024 \u015fi face progrese \u00een fiecare zi.<\/p>","protected":false},"excerpt":{"rendered":"<p>Acest mini-summit informal, care va avea loc la re\u015fedin\u0163a secretarului general al NATO, va fi&hellip;<\/p>\n","protected":false},"author":0,"featured_media":17443,"comment_status":"open","ping_status":"open","sticky":false,"template":"","format":"standard","meta":{"footnotes":""},"categories":[2],"tags":[],"class_list":["post-17454","post","type-post","status-publish","format-standard","has-post-thumbnail","hentry","category-actual"],"_links":{"self":[{"href":"https:\/\/247stiri.ro\/index.php\/wp-json\/wp\/v2\/posts\/17454","targetHints":{"allow":["GET"]}}],"collection":[{"href":"https:\/\/247stiri.ro\/index.php\/wp-json\/wp\/v2\/posts"}],"about":[{"href":"https:\/\/247stiri.ro\/index.php\/wp-json\/wp\/v2\/types\/post"}],"replies":[{"embeddable":true,"href":"https:\/\/247stiri.ro\/index.php\/wp-json\/wp\/v2\/comments?post=17454"}],"version-history":[{"count":0,"href":"https:\/\/247stiri.ro\/index.php\/wp-json\/wp\/v2\/posts\/17454\/revisions"}],"wp:featuredmedia":[{"embeddable":true,"href":"https:\/\/247stiri.ro\/index.php\/wp-json\/wp\/v2\/media\/17443"}],"wp:attachment":[{"href":"https:\/\/247stiri.ro\/index.php\/wp-json\/wp\/v2\/media?parent=17454"}],"wp:term":[{"taxonomy":"category","embeddable":true,"href":"https:\/\/247stiri.ro\/index.php\/wp-json\/wp\/v2\/categories?post=17454"},{"taxonomy":"post_tag","embeddable":true,"href":"https:\/\/247stiri.ro\/index.php\/wp-json\/wp\/v2\/tags?post=17454"}],"curies":[{"name":"wp","href":"https:\/\/api.w.org\/{rel}","templated":true}]}}