{"id":17470,"date":"2024-12-18T11:44:47","date_gmt":"2024-12-18T11:44:47","guid":{"rendered":"https:\/\/247stiri.ro\/index.php\/2024\/12\/18\/doliu-in-lumea-sportului-unul-dintre-cei-mai-mari-ciclisti-din-istorie-s-a-stins-din-viata-la-90-de-ani\/"},"modified":"2024-12-18T11:44:47","modified_gmt":"2024-12-18T11:44:47","slug":"doliu-in-lumea-sportului-unul-dintre-cei-mai-mari-ciclisti-din-istorie-s-a-stins-din-viata-la-90-de-ani","status":"publish","type":"post","link":"https:\/\/247stiri.ro\/index.php\/2024\/12\/18\/doliu-in-lumea-sportului-unul-dintre-cei-mai-mari-ciclisti-din-istorie-s-a-stins-din-viata-la-90-de-ani\/","title":{"rendered":"Doliu \u00een lumea sportului. Unul dintre cei mai mari cicli\u0219ti din istorie s-a stins din via\u021b\u0103 la 90 de ani"},"content":{"rendered":"<p>Activ \u00een anii 1950 \u015fi 1960, cel supranumit \u201e\u00cemp\u0103ratul din Herentals\u201d a fost considerat cel mai mare campion belgian \u00eenainte de apari\u0163ia lui Eddy Merckx la sf\u00e2r\u015fitul anilor 1960.<\/p>\n<p>Gabaritul s\u0103u nu i-a permis niciodat\u0103 s\u0103 c\u00e2\u015ftige un mare tur &#8211; s-a clasat de dou\u0103 ori pe locul al doilea \u00een Turul Fran\u0163ei &#8211; dar, datorit\u0103 eficien\u0163ei sale \u00een sprint, a fost primul, \u00eenaintea lui Eddy Merckx \u015fi Roger De Vlaeminck, care a c\u00e2\u015ftigat cel pu\u0163in o dat\u0103 toate cele cinci monumente ale ciclismului (opt victorii \u00een total), Milano-San Remo, Turul Flandrei, Paris-Roubaix, Liege-Bastogne-Liege \u015fi Turul Lombardiei.Mai presus de toate, ciclistul, care a fost de asemenea dublu campion mondial \u015fi belgian, este singurul ciclist care a c\u00e2\u015ftigat toate clasicele epocii sale (\u015faisprezece victorii \u00een total), ceea ce Merckx, care nu a c\u00e2\u015ftigat niciodat\u0103 Paris-Tours, nu a reu\u015fit s\u0103 fac\u0103.El distribuia ziare pe biciclet\u0103 \u00eenc\u0103 de la v\u00e2rsta de 12 ani \u015fi a ob\u0163inut \u00een total 371 de victorii la profesioni\u015fti. Are meritul imens de a-\u015fi fi construit o list\u0103 extraordinar\u0103 de victorii \u00eenfrunt\u00e2nd adversari de un nivel excep\u0163ional, de la Rik Van Steenbergen la Eddy Merckx, f\u0103r\u0103 a-i uita pe Fausto Coppi, Ferdi Kubler, Hugo Koblet, Louison Bobet, Jacques Anquetil \u015fi Charly Gaul.<\/p>","protected":false},"excerpt":{"rendered":"<p>Activ \u00een anii 1950 \u015fi 1960, cel supranumit \u201e\u00cemp\u0103ratul din Herentals\u201d a fost considerat cel&hellip;<\/p>\n","protected":false},"author":0,"featured_media":17467,"comment_status":"open","ping_status":"open","sticky":false,"template":"","format":"standard","meta":{"footnotes":""},"categories":[2],"tags":[],"class_list":["post-17470","post","type-post","status-publish","format-standard","has-post-thumbnail","hentry","category-actual"],"_links":{"self":[{"href":"https:\/\/247stiri.ro\/index.php\/wp-json\/wp\/v2\/posts\/17470","targetHints":{"allow":["GET"]}}],"collection":[{"href":"https:\/\/247stiri.ro\/index.php\/wp-json\/wp\/v2\/posts"}],"about":[{"href":"https:\/\/247stiri.ro\/index.php\/wp-json\/wp\/v2\/types\/post"}],"replies":[{"embeddable":true,"href":"https:\/\/247stiri.ro\/index.php\/wp-json\/wp\/v2\/comments?post=17470"}],"version-history":[{"count":0,"href":"https:\/\/247stiri.ro\/index.php\/wp-json\/wp\/v2\/posts\/17470\/revisions"}],"wp:featuredmedia":[{"embeddable":true,"href":"https:\/\/247stiri.ro\/index.php\/wp-json\/wp\/v2\/media\/17467"}],"wp:attachment":[{"href":"https:\/\/247stiri.ro\/index.php\/wp-json\/wp\/v2\/media?parent=17470"}],"wp:term":[{"taxonomy":"category","embeddable":true,"href":"https:\/\/247stiri.ro\/index.php\/wp-json\/wp\/v2\/categories?post=17470"},{"taxonomy":"post_tag","embeddable":true,"href":"https:\/\/247stiri.ro\/index.php\/wp-json\/wp\/v2\/tags?post=17470"}],"curies":[{"name":"wp","href":"https:\/\/api.w.org\/{rel}","templated":true}]}}