{"id":17483,"date":"2024-12-18T12:45:52","date_gmt":"2024-12-18T12:45:52","guid":{"rendered":"https:\/\/247stiri.ro\/index.php\/2024\/12\/18\/ciolacu-in-ultima-sedinta-de-guvern-din-acest-an-in-ciuda-tuturor-problemelor-aparute-nicio-secunda-nu-ne-am-indepartat-de-la-obiectivele-initiale\/"},"modified":"2024-12-18T12:45:52","modified_gmt":"2024-12-18T12:45:52","slug":"ciolacu-in-ultima-sedinta-de-guvern-din-acest-an-in-ciuda-tuturor-problemelor-aparute-nicio-secunda-nu-ne-am-indepartat-de-la-obiectivele-initiale","status":"publish","type":"post","link":"https:\/\/247stiri.ro\/index.php\/2024\/12\/18\/ciolacu-in-ultima-sedinta-de-guvern-din-acest-an-in-ciuda-tuturor-problemelor-aparute-nicio-secunda-nu-ne-am-indepartat-de-la-obiectivele-initiale\/","title":{"rendered":"Ciolacu, \u00een ultima \u0219edin\u021b\u0103 de guvern din acest an: \u00cen ciuda tuturor problemelor ap\u0103rute, nicio secund\u0103 nu ne-am \u00eendep\u0103rtat de la obiectivele ini\u0163iale"},"content":{"rendered":"<p>&#8222;Am decis s\u0103 fac un scurt bilan\u0163 al acestei guvern\u0103ri pentru c\u0103 ast\u0103zi am avut ultima \u015fedin\u0163\u0103 de Guvern cu puteri depline, urm\u00e2nd ca, odat\u0103 cu instalarea noului Parlament, acest Guvern s\u0103 devin\u0103 unul interimar. \u015ei a\u015f vrea s\u0103 pornesc de la priorit\u0103\u0163ile pe care le-am enun\u0163at \u00een urm\u0103 cu un an \u015fi 6 luni, pentru a vedea cu to\u0163ii stadiul obiectivelor propuse atunci&#8221;, a declarat Ciolacu.<\/p>\n<p>\u0218eful Executivului a spus c\u0103 activitatea acestui guvern nu a fost una u\u015foar\u0103.<\/p>\n<p>&#8222;\u00cen paralel cu priorit\u0103\u0163ile asumate, al\u0103turi de colegii mei, am fost pompierii de serviciu pentru multe dintre problemele l\u0103sate nerezolvate \u00een to\u0163i anii de dinaintea noastr\u0103. Nu \u015ftiu \u00een ce m\u0103sur\u0103 am reu\u015fit s\u0103 rezolv\u0103m chiar totul, dar v\u0103 pot spune c\u0103 am f\u0103cut tot ce a \u0163inut de noi pentru a pune lucrurile pe f\u0103ga\u015ful lor normal&#8221;, a ad\u0103ugat Ciolacu.<\/p>\n<p>Premierul a mai spus c\u0103, &#8222;\u00een ciuda tuturor problemelor ap\u0103rute, nicio secund\u0103 acest guvern nu s-a \u00eendep\u0103rtat de la obiectivele ini\u0163iale&#8221;.<\/p>\n<p>&#8222;\u015ei, ast\u0103zi, la final, v\u0103 pot spune c\u0103 sunt m\u00e2ndru c\u0103 am putut contribui, \u00eentr-o mic\u0103 m\u0103sur\u0103, la ceea ce este Rom\u00e2nia acum. O putere economic\u0103 regional\u0103, cu un Produs Intern Brut ce dep\u0103\u015fe\u015fte anul acesta 355 miliarde euro. La PIB\/locuitor raportat, la paritatea puterii de cump\u0103rare, Rom\u00e2nia a egalat Polonia \u015fi este peste Ungaria, Slovacia, Croa\u0163ia, Grecia, Letonia \u015fi Bulgaria. Suntem acum la 80% din media UE. Toate aceste date &#8211; oficiale \u015fi confirmate de organisme interna\u0163ionale &#8211; ne arat\u0103 c\u0103 acest guvern \u015fi-a f\u0103cut treaba&#8221;, a afirmat premierul.\u00a0<\/p>","protected":false},"excerpt":{"rendered":"<p>&#8222;Am decis s\u0103 fac un scurt bilan\u0163 al acestei guvern\u0103ri pentru c\u0103 ast\u0103zi am avut&hellip;<\/p>\n","protected":false},"author":0,"featured_media":17484,"comment_status":"open","ping_status":"open","sticky":false,"template":"","format":"standard","meta":{"footnotes":""},"categories":[3],"tags":[],"class_list":["post-17483","post","type-post","status-publish","format-standard","has-post-thumbnail","hentry","category-politica"],"_links":{"self":[{"href":"https:\/\/247stiri.ro\/index.php\/wp-json\/wp\/v2\/posts\/17483","targetHints":{"allow":["GET"]}}],"collection":[{"href":"https:\/\/247stiri.ro\/index.php\/wp-json\/wp\/v2\/posts"}],"about":[{"href":"https:\/\/247stiri.ro\/index.php\/wp-json\/wp\/v2\/types\/post"}],"replies":[{"embeddable":true,"href":"https:\/\/247stiri.ro\/index.php\/wp-json\/wp\/v2\/comments?post=17483"}],"version-history":[{"count":0,"href":"https:\/\/247stiri.ro\/index.php\/wp-json\/wp\/v2\/posts\/17483\/revisions"}],"wp:featuredmedia":[{"embeddable":true,"href":"https:\/\/247stiri.ro\/index.php\/wp-json\/wp\/v2\/media\/17484"}],"wp:attachment":[{"href":"https:\/\/247stiri.ro\/index.php\/wp-json\/wp\/v2\/media?parent=17483"}],"wp:term":[{"taxonomy":"category","embeddable":true,"href":"https:\/\/247stiri.ro\/index.php\/wp-json\/wp\/v2\/categories?post=17483"},{"taxonomy":"post_tag","embeddable":true,"href":"https:\/\/247stiri.ro\/index.php\/wp-json\/wp\/v2\/tags?post=17483"}],"curies":[{"name":"wp","href":"https:\/\/api.w.org\/{rel}","templated":true}]}}