{"id":17487,"date":"2024-12-18T12:45:53","date_gmt":"2024-12-18T12:45:53","guid":{"rendered":"https:\/\/247stiri.ro\/index.php\/2024\/12\/18\/surse-ciolacu-nu-va-candida-la-alegerile-prezidentiale-din-2025-cand-crede-liderul-psd-ca-ar-trebui-sa-aiba-loc-viitorul-tur-de-scrutin\/"},"modified":"2024-12-18T12:45:53","modified_gmt":"2024-12-18T12:45:53","slug":"surse-ciolacu-nu-va-candida-la-alegerile-prezidentiale-din-2025-cand-crede-liderul-psd-ca-ar-trebui-sa-aiba-loc-viitorul-tur-de-scrutin","status":"publish","type":"post","link":"https:\/\/247stiri.ro\/index.php\/2024\/12\/18\/surse-ciolacu-nu-va-candida-la-alegerile-prezidentiale-din-2025-cand-crede-liderul-psd-ca-ar-trebui-sa-aiba-loc-viitorul-tur-de-scrutin\/","title":{"rendered":"SURSE: Ciolacu NU va candida la alegerile preziden\u021biale din 2025. C\u00e2nd crede liderul PSD c\u0103 ar trebui s\u0103 aib\u0103 loc viitorul tur de scrutin"},"content":{"rendered":"<p>Sunt surse politice care spun c\u0103 \u00een acest moment Marcel Ciolacu nu mai ia \u00een calcul s\u0103 candideze la alegerile preziden\u021biale, alegeri pe care ar vrea \u00eens\u0103 s\u0103 le vedem desf\u0103\u0219urate \u00eenainte de s\u0103rb\u0103torile pascale.\u00a0<\/p>\n<p>Tot surse spun\u00a0 c\u0103 Marcel Ciolacu, \u00eentr-o discu\u021bie, a men\u021bionat c\u0103 ar fi bine c\u0103 Georgescu s\u0103 fie l\u0103sat s\u0103 candideze pentru a lua b\u0103taie la alegerile preziden\u021biale.\u00a0<\/p>\n<p>Cel pe care l-ar vedea &#8211; potrivit unor surse &#8211; Marcel Ciolacu ca fiind cel care s\u0103-l bat\u0103 pe C\u0103lin Georgescu ar fi chiar Nicu\u0219or Dan.\u00a0<\/p>","protected":false},"excerpt":{"rendered":"<p>Sunt surse politice care spun c\u0103 \u00een acest moment Marcel Ciolacu nu mai ia \u00een&hellip;<\/p>\n","protected":false},"author":0,"featured_media":17488,"comment_status":"open","ping_status":"open","sticky":false,"template":"","format":"standard","meta":{"footnotes":""},"categories":[3],"tags":[],"class_list":["post-17487","post","type-post","status-publish","format-standard","has-post-thumbnail","hentry","category-politica"],"_links":{"self":[{"href":"https:\/\/247stiri.ro\/index.php\/wp-json\/wp\/v2\/posts\/17487","targetHints":{"allow":["GET"]}}],"collection":[{"href":"https:\/\/247stiri.ro\/index.php\/wp-json\/wp\/v2\/posts"}],"about":[{"href":"https:\/\/247stiri.ro\/index.php\/wp-json\/wp\/v2\/types\/post"}],"replies":[{"embeddable":true,"href":"https:\/\/247stiri.ro\/index.php\/wp-json\/wp\/v2\/comments?post=17487"}],"version-history":[{"count":0,"href":"https:\/\/247stiri.ro\/index.php\/wp-json\/wp\/v2\/posts\/17487\/revisions"}],"wp:featuredmedia":[{"embeddable":true,"href":"https:\/\/247stiri.ro\/index.php\/wp-json\/wp\/v2\/media\/17488"}],"wp:attachment":[{"href":"https:\/\/247stiri.ro\/index.php\/wp-json\/wp\/v2\/media?parent=17487"}],"wp:term":[{"taxonomy":"category","embeddable":true,"href":"https:\/\/247stiri.ro\/index.php\/wp-json\/wp\/v2\/categories?post=17487"},{"taxonomy":"post_tag","embeddable":true,"href":"https:\/\/247stiri.ro\/index.php\/wp-json\/wp\/v2\/tags?post=17487"}],"curies":[{"name":"wp","href":"https:\/\/api.w.org\/{rel}","templated":true}]}}