{"id":17496,"date":"2024-12-18T12:45:55","date_gmt":"2024-12-18T12:45:55","guid":{"rendered":"https:\/\/247stiri.ro\/index.php\/2024\/12\/18\/accident-grav-cu-6-raniti-in-piatra-neamt-3-dintre-victime-au-ramas-incarcerate-interventie-contracronometru\/"},"modified":"2024-12-18T12:45:55","modified_gmt":"2024-12-18T12:45:55","slug":"accident-grav-cu-6-raniti-in-piatra-neamt-3-dintre-victime-au-ramas-incarcerate-interventie-contracronometru","status":"publish","type":"post","link":"https:\/\/247stiri.ro\/index.php\/2024\/12\/18\/accident-grav-cu-6-raniti-in-piatra-neamt-3-dintre-victime-au-ramas-incarcerate-interventie-contracronometru\/","title":{"rendered":"Accident grav cu 6 r\u0103ni\u021bi \u00een Piatra-Neam\u0163: 3 dintre victime au r\u0103mas \u00eencarcerate. Interven\u021bie contracronometru"},"content":{"rendered":"<p>&#8222;\u00cen urma impactului, trei persoane au r\u0103mas \u00eencarcerate. Cu ajutorul echipamentelor specifice, pompierii au ac\u0163ionat pentru extragerea victimelor dintr-unul din autoturisme. Acestea au fost predate echipajelor de la SAJ, care ulterior le-au transportat la Unitatea de Primiri Urgen\u0163e Piatra-Neam\u0163. \u015ei celelalte trei persoane implicate \u00een accident au avut nevoie de \u00eengrijiri medicale. Acestea au fost asistate de echipajele medicale \u015fi ulterior transportate la spital&#8221;, a declarat purt\u0103torul de cuv\u00e2nt al ISU Neam\u0163, c\u0103pitanul Irina Popa.<\/p>\n<p>Pompierii au ac\u0163ionat \u015fi pentru asigurarea m\u0103surilor de prevenire \u015fi stingere a incendiilor.<\/p>\n<p>Poli\u0163i\u015ftii efectueaz\u0103 cercet\u0103ri \u00een cadrul unui dosar penal privind infrac\u0163iunea de v\u0103t\u0103mare corporal\u0103 din culp\u0103.<\/p>","protected":false},"excerpt":{"rendered":"<p>&#8222;\u00cen urma impactului, trei persoane au r\u0103mas \u00eencarcerate. Cu ajutorul echipamentelor specifice, pompierii au ac\u0163ionat&hellip;<\/p>\n","protected":false},"author":0,"featured_media":17497,"comment_status":"open","ping_status":"open","sticky":false,"template":"","format":"standard","meta":{"footnotes":""},"categories":[2],"tags":[],"class_list":["post-17496","post","type-post","status-publish","format-standard","has-post-thumbnail","hentry","category-actual"],"_links":{"self":[{"href":"https:\/\/247stiri.ro\/index.php\/wp-json\/wp\/v2\/posts\/17496","targetHints":{"allow":["GET"]}}],"collection":[{"href":"https:\/\/247stiri.ro\/index.php\/wp-json\/wp\/v2\/posts"}],"about":[{"href":"https:\/\/247stiri.ro\/index.php\/wp-json\/wp\/v2\/types\/post"}],"replies":[{"embeddable":true,"href":"https:\/\/247stiri.ro\/index.php\/wp-json\/wp\/v2\/comments?post=17496"}],"version-history":[{"count":0,"href":"https:\/\/247stiri.ro\/index.php\/wp-json\/wp\/v2\/posts\/17496\/revisions"}],"wp:featuredmedia":[{"embeddable":true,"href":"https:\/\/247stiri.ro\/index.php\/wp-json\/wp\/v2\/media\/17497"}],"wp:attachment":[{"href":"https:\/\/247stiri.ro\/index.php\/wp-json\/wp\/v2\/media?parent=17496"}],"wp:term":[{"taxonomy":"category","embeddable":true,"href":"https:\/\/247stiri.ro\/index.php\/wp-json\/wp\/v2\/categories?post=17496"},{"taxonomy":"post_tag","embeddable":true,"href":"https:\/\/247stiri.ro\/index.php\/wp-json\/wp\/v2\/tags?post=17496"}],"curies":[{"name":"wp","href":"https:\/\/api.w.org\/{rel}","templated":true}]}}