{"id":17556,"date":"2024-12-18T17:45:21","date_gmt":"2024-12-18T17:45:21","guid":{"rendered":"https:\/\/247stiri.ro\/index.php\/2024\/12\/18\/psd-pnl-udmr-pun-tunurile-pe-usr-lista-de-solicitari-un-pretext-pentru-a-nu-intra-la-guvernare\/"},"modified":"2024-12-18T17:45:21","modified_gmt":"2024-12-18T17:45:21","slug":"psd-pnl-udmr-pun-tunurile-pe-usr-lista-de-solicitari-un-pretext-pentru-a-nu-intra-la-guvernare","status":"publish","type":"post","link":"https:\/\/247stiri.ro\/index.php\/2024\/12\/18\/psd-pnl-udmr-pun-tunurile-pe-usr-lista-de-solicitari-un-pretext-pentru-a-nu-intra-la-guvernare\/","title":{"rendered":"PSD-PNL-UDMR pun tunurile pe USR: Lista de solicit\u0103ri, un pretext pentru a nu intra la guvernare"},"content":{"rendered":"<p>&#8222;Liderii coali\u021biei pro-europene au continuat ast\u0103zi discu\u021biile pe marginea proiectului comun de guvernare care s\u0103 ofere stabilitate \u0219i predictibilitate Rom\u00e2niei, lu\u00e2nd act de refuzul USR de a manifesta o atitudine constructiv\u0103 \u0219i responsabil\u0103 \u00een raport cu momentul prin care trece Rom\u00e2nia.\u00a0\u00cen realitate, documentul transmis ast\u0103zi de USR sub forma unui \u201dto do list\u201d f\u0103r\u0103 a fi \u0219i argumentat \u00een cadrul coali\u021biei reprezint\u0103, din p\u0103cate, doar un pretext de a se disocia de un proiect comun de guvernare \u0219i de a nu-\u0219i asuma r\u0103spunderea \u00eentr-un moment dificil pentru \u021bar\u0103.\u00a0Cu toate acestea, Coali\u021bia pro-european\u0103 va trata cu seriozitate toate punctele transmise. \u00cen acest sens, una dintre priorit\u0103\u021bi este asigurarea rapid\u0103 a unei guvern\u0103ri stabile sus\u021binute de o majoritate puternic\u0103 \u0219i alc\u0103tuirea unui calendar pentru alegerile preziden\u021biale imediat dup\u0103 instalarea \u00een func\u021bie a noului Guvern. De asemenea, toate forma\u021biunile pro-europene au avansat \u00een grupurile de lucru de la Parlament \u00een vederea finaliz\u0103rii programul de guvernare \u00een cursul zilei de vineri.\u00a0Prioritatea momentului este ca Rom\u00e2nia s\u0103 fie o \u021bar\u0103 guvernat\u0103, stabil\u0103 \u0219i predictibil\u0103, iar acest lucru cere maturitate \u0219i rigurozitate \u00een realizarea tuturor etapelor p\u00e2n\u0103 la instalarea noului Parlament \u0219i a unui nou Guvern&#8221;, a transmis Coali\u021bia \u00eentr-un comunicat.\u00a0\u00cen plus, liderii coali\u021biei pro-europene au reiterat necesitatea unui candidat comun la pre\u0219edin\u021bie, care s\u0103 fie ales prin consens la nivelul tuturor partide<\/p>","protected":false},"excerpt":{"rendered":"<p>&#8222;Liderii coali\u021biei pro-europene au continuat ast\u0103zi discu\u021biile pe marginea proiectului comun de guvernare care s\u0103&hellip;<\/p>\n","protected":false},"author":0,"featured_media":17551,"comment_status":"open","ping_status":"open","sticky":false,"template":"","format":"standard","meta":{"footnotes":""},"categories":[2],"tags":[],"class_list":["post-17556","post","type-post","status-publish","format-standard","has-post-thumbnail","hentry","category-actual"],"_links":{"self":[{"href":"https:\/\/247stiri.ro\/index.php\/wp-json\/wp\/v2\/posts\/17556","targetHints":{"allow":["GET"]}}],"collection":[{"href":"https:\/\/247stiri.ro\/index.php\/wp-json\/wp\/v2\/posts"}],"about":[{"href":"https:\/\/247stiri.ro\/index.php\/wp-json\/wp\/v2\/types\/post"}],"replies":[{"embeddable":true,"href":"https:\/\/247stiri.ro\/index.php\/wp-json\/wp\/v2\/comments?post=17556"}],"version-history":[{"count":0,"href":"https:\/\/247stiri.ro\/index.php\/wp-json\/wp\/v2\/posts\/17556\/revisions"}],"wp:featuredmedia":[{"embeddable":true,"href":"https:\/\/247stiri.ro\/index.php\/wp-json\/wp\/v2\/media\/17551"}],"wp:attachment":[{"href":"https:\/\/247stiri.ro\/index.php\/wp-json\/wp\/v2\/media?parent=17556"}],"wp:term":[{"taxonomy":"category","embeddable":true,"href":"https:\/\/247stiri.ro\/index.php\/wp-json\/wp\/v2\/categories?post=17556"},{"taxonomy":"post_tag","embeddable":true,"href":"https:\/\/247stiri.ro\/index.php\/wp-json\/wp\/v2\/tags?post=17556"}],"curies":[{"name":"wp","href":"https:\/\/api.w.org\/{rel}","templated":true}]}}