{"id":1763,"date":"2024-10-25T08:47:10","date_gmt":"2024-10-25T08:47:10","guid":{"rendered":"https:\/\/247stiri.ro\/index.php\/2024\/10\/25\/pasageri-blocati-de-9-ore-pe-aeroportul-otopeni-dupa-ce-zborul-le-a-fost-anulat-fara-explicatii-printre-ei-batrani-si-copii\/"},"modified":"2024-10-25T08:47:10","modified_gmt":"2024-10-25T08:47:10","slug":"pasageri-blocati-de-9-ore-pe-aeroportul-otopeni-dupa-ce-zborul-le-a-fost-anulat-fara-explicatii-printre-ei-batrani-si-copii","status":"publish","type":"post","link":"https:\/\/247stiri.ro\/index.php\/2024\/10\/25\/pasageri-blocati-de-9-ore-pe-aeroportul-otopeni-dupa-ce-zborul-le-a-fost-anulat-fara-explicatii-printre-ei-batrani-si-copii\/","title":{"rendered":"Pasageri bloca\u021bi de 9 ore pe Aeroportul Otopeni dup\u0103 ce zborul le-a fost anulat f\u0103r\u0103 explica\u021bii: printre ei, b\u0103tr\u00e2ni \u0219i copii"},"content":{"rendered":"<p>\u201eAm reu\u0219it \u00eentr-un final s\u0103 st\u0103m de vorb\u0103 cu reprezenta\u021bii tur operator al companiei de transport aerian. Ni s-a transmis s\u0103 plec\u0103m acas\u0103 pentru c\u0103 nu se \u0219tie exact la ce or\u0103 va pleca aeronava. Ni s-a spus telefonic c\u0103 ne garanteaz\u0103 c\u0103 ast\u0103zi se va pleca. \u00cen momentul de fa\u021b\u0103, pe tabela de plec\u0103ri apare ora de plecare 13, dar nu avem absolut nimic \u00een scris de la tur operator sau de la compania aerian\u0103.\u00a0<\/p>\n<p>De asemenea, acel faimos form care trebuia s\u0103 ni se dea dup\u0103 4 ore de stat \u00een avion, \u00een situa\u021bia \u00eent\u00e2rzierii sau o sticl\u0103 de ap\u0103 abia acum, \u00een jurul orei 10, a \u00eenceput s\u0103 fie distribuit dup\u0103 ce oamenii, care stau de at\u00e2ta timp de at\u00e2tea ore cu copii mai mari sau mai mici, cu oameni veni\u021bi de foarte departe inclusiv de la Suceava, stau \u0219i a\u0219teapt\u0103 \u0219i au sunat \u0219i nu au fost b\u0103ga\u021bi \u00een seam\u0103.<\/p>\n<p>Oficiul de check-in, care ar fi trebuit s\u0103 ne \u021bin\u0103 la curent cu tot ce se \u00eent\u00e2mpl\u0103, a fost deschis in jur de 9 \u0219i 40, iar \u00een jur de 9 \u0219i 55 a \u00eenceput distribuirea unei sticle de ap\u0103 \u0219i a unui sandvi\u0219.\u201d, a declarat pasagera.<\/p>\n<p>\u00centrebat\u0103 dac\u0103 a \u00eencercat s\u0103 fac\u0103 o sesizare la ANPC \u00een acest sens, pasagera a r\u0103spuns:<\/p>\n<p>\u201e\u00cen situa\u021bia \u00een care telefonic ni s-a transmis c\u0103 putem s\u0103 plecam lini\u0219ti\u021bi acas\u0103, ca vom fi suna\u021bi din timp s\u0103 venim la aeroport \u0219i c\u0103 mai mult ca sigur aeronava va decola, nu am reu\u0219it s\u0103 lu\u0103m leg\u0103tura cu ANPC, cel pu\u021bin eu nu, nu \u0219tiu dac\u0103 ceilal\u021bi c\u0103l\u0103tori au reu\u0219it s\u0103 ia leg\u0103tura cu ANPC, dar eu nu am reu\u0219it.\u201d<\/p>\n<p>Printre cei peste 100 de pasageri ai aeronavei se num\u0103r\u0103 mul\u021bi copii \u0219i v\u00e2rstnici. Aeronava are o capacitate total\u0103 de 180 de oameni.<\/p>","protected":false},"excerpt":{"rendered":"<p>\u201eAm reu\u0219it \u00eentr-un final s\u0103 st\u0103m de vorb\u0103 cu reprezenta\u021bii tur operator al companiei de&hellip;<\/p>\n","protected":false},"author":0,"featured_media":1764,"comment_status":"open","ping_status":"open","sticky":false,"template":"","format":"standard","meta":{"footnotes":""},"categories":[8],"tags":[],"class_list":["post-1763","post","type-post","status-publish","format-standard","has-post-thumbnail","hentry","category-lifestyle"],"_links":{"self":[{"href":"https:\/\/247stiri.ro\/index.php\/wp-json\/wp\/v2\/posts\/1763","targetHints":{"allow":["GET"]}}],"collection":[{"href":"https:\/\/247stiri.ro\/index.php\/wp-json\/wp\/v2\/posts"}],"about":[{"href":"https:\/\/247stiri.ro\/index.php\/wp-json\/wp\/v2\/types\/post"}],"replies":[{"embeddable":true,"href":"https:\/\/247stiri.ro\/index.php\/wp-json\/wp\/v2\/comments?post=1763"}],"version-history":[{"count":0,"href":"https:\/\/247stiri.ro\/index.php\/wp-json\/wp\/v2\/posts\/1763\/revisions"}],"wp:featuredmedia":[{"embeddable":true,"href":"https:\/\/247stiri.ro\/index.php\/wp-json\/wp\/v2\/media\/1764"}],"wp:attachment":[{"href":"https:\/\/247stiri.ro\/index.php\/wp-json\/wp\/v2\/media?parent=1763"}],"wp:term":[{"taxonomy":"category","embeddable":true,"href":"https:\/\/247stiri.ro\/index.php\/wp-json\/wp\/v2\/categories?post=1763"},{"taxonomy":"post_tag","embeddable":true,"href":"https:\/\/247stiri.ro\/index.php\/wp-json\/wp\/v2\/tags?post=1763"}],"curies":[{"name":"wp","href":"https:\/\/api.w.org\/{rel}","templated":true}]}}