{"id":17662,"date":"2024-12-19T07:46:19","date_gmt":"2024-12-19T07:46:19","guid":{"rendered":"https:\/\/247stiri.ro\/index.php\/2024\/12\/19\/calin-georgescu-in-fata-instantei-magistratii-cab-analizeaza-contestatia-candidatului-independent-privind-anularea-prezidentialelor\/"},"modified":"2024-12-19T07:46:19","modified_gmt":"2024-12-19T07:46:19","slug":"calin-georgescu-in-fata-instantei-magistratii-cab-analizeaza-contestatia-candidatului-independent-privind-anularea-prezidentialelor","status":"publish","type":"post","link":"https:\/\/247stiri.ro\/index.php\/2024\/12\/19\/calin-georgescu-in-fata-instantei-magistratii-cab-analizeaza-contestatia-candidatului-independent-privind-anularea-prezidentialelor\/","title":{"rendered":"C\u0103lin Georgescu, \u00een fa\u021ba instan\u021bei. Magistra\u021bii CAB analizeaz\u0103 CONTESTA\u021aIA candidatului independent privind ANULAREA preziden\u021bialelor"},"content":{"rendered":"<p>Magistra\u021bii de la Curtea Suprem\u0103 \u0219i-au declinat competen\u021ba c\u0103tre Curtea de Apel Bucure\u0219ti, iar ast\u0103zi are loc primul termen, la ora 11.00. At\u00e2t avoca\u021bii lui C\u0103lin Georgescu, c\u00e2t \u0219i candidatul independent vor fi prezen\u021bi \u00een fa\u021ba instan\u021bei.\u00a0<\/p>\n<p>Vorbim despre primul termen care are loc chiar ast\u0103zi \u00een dosarul lui C\u0103lin Georgescu \u00eentruc\u00e2t \u0219tim foarte bine c\u0103 mai multe contesta\u021bii au fost depuse la \u00cenalta Curte de Casa\u021bie \u0219i Justi\u021bie \u00eempotriva deciziei de anulare a alegerilor preziden\u021biale, a procedeului electoral c\u0103tre Biroul Electoral Central, dar \u0219i c\u0103tre Autoritatea Electoral\u0103 Permanent\u0103.\u00a0<\/p>\n<p>De asemenea, s-au depus contesta\u021bii \u0219i c\u0103tre alte institu\u021bii foarte importante, dar \u0219i \u00eempotriva pre\u0219edintelui Klaus Iohannis.\u00a0<\/p>\n<p>Mai mult dec\u00e2t at\u00e2t, s-au sesizat \u0219i organismele juridice interna\u021bionale, printre care \u0219i Comisia de la Vene\u021bia, care a pornit o anchet\u0103 cu privire la anularea alegerilor din Rom\u00e2nia \u00een urma deciziei Cur\u021bii Constitu\u021bionale luate chiar \u00een timpul desf\u0103\u0219ur\u0103rii celui de-al doilea tur de scrutin.<\/p>\n<p>&#8222;Contesta\u021bia este este, de fapt, pentru \u00eenc\u0103lcarea \u00een mod flagrant a Constitu\u021bieiRom\u00e2niei iar nimeni nu poate fi mai presus de lege&#8221;, a declarat Marina Alexandra, avocata lui C\u0103lin Georgescu.<\/p>\n<p>Decizia de ast\u0103zi, de la CAB, este una extrem de important\u0103 \u0219i poate da peste cap toate calculele politice, inclusiv calendarul pentru viitoarele alegeri preziden\u021biale.<\/p>\n<p>\u00a0<\/p>","protected":false},"excerpt":{"rendered":"<p>Magistra\u021bii de la Curtea Suprem\u0103 \u0219i-au declinat competen\u021ba c\u0103tre Curtea de Apel Bucure\u0219ti, iar ast\u0103zi&hellip;<\/p>\n","protected":false},"author":0,"featured_media":17659,"comment_status":"open","ping_status":"open","sticky":false,"template":"","format":"standard","meta":{"footnotes":""},"categories":[2],"tags":[],"class_list":["post-17662","post","type-post","status-publish","format-standard","has-post-thumbnail","hentry","category-actual"],"_links":{"self":[{"href":"https:\/\/247stiri.ro\/index.php\/wp-json\/wp\/v2\/posts\/17662","targetHints":{"allow":["GET"]}}],"collection":[{"href":"https:\/\/247stiri.ro\/index.php\/wp-json\/wp\/v2\/posts"}],"about":[{"href":"https:\/\/247stiri.ro\/index.php\/wp-json\/wp\/v2\/types\/post"}],"replies":[{"embeddable":true,"href":"https:\/\/247stiri.ro\/index.php\/wp-json\/wp\/v2\/comments?post=17662"}],"version-history":[{"count":0,"href":"https:\/\/247stiri.ro\/index.php\/wp-json\/wp\/v2\/posts\/17662\/revisions"}],"wp:featuredmedia":[{"embeddable":true,"href":"https:\/\/247stiri.ro\/index.php\/wp-json\/wp\/v2\/media\/17659"}],"wp:attachment":[{"href":"https:\/\/247stiri.ro\/index.php\/wp-json\/wp\/v2\/media?parent=17662"}],"wp:term":[{"taxonomy":"category","embeddable":true,"href":"https:\/\/247stiri.ro\/index.php\/wp-json\/wp\/v2\/categories?post=17662"},{"taxonomy":"post_tag","embeddable":true,"href":"https:\/\/247stiri.ro\/index.php\/wp-json\/wp\/v2\/tags?post=17662"}],"curies":[{"name":"wp","href":"https:\/\/api.w.org\/{rel}","templated":true}]}}