{"id":1767,"date":"2024-10-25T08:47:12","date_gmt":"2024-10-25T08:47:12","guid":{"rendered":"https:\/\/247stiri.ro\/index.php\/2024\/10\/25\/marcel-ciolacu-de-ziua-armatei-romane-suntem-astazi-aici-pentru-a-arata-romanilor-si-intregii-lumii-ca-acest-neam-nu-si-uita-eroii\/"},"modified":"2024-10-25T08:47:12","modified_gmt":"2024-10-25T08:47:12","slug":"marcel-ciolacu-de-ziua-armatei-romane-suntem-astazi-aici-pentru-a-arata-romanilor-si-intregii-lumii-ca-acest-neam-nu-si-uita-eroii","status":"publish","type":"post","link":"https:\/\/247stiri.ro\/index.php\/2024\/10\/25\/marcel-ciolacu-de-ziua-armatei-romane-suntem-astazi-aici-pentru-a-arata-romanilor-si-intregii-lumii-ca-acest-neam-nu-si-uita-eroii\/","title":{"rendered":"Marcel Ciolacu, de Ziua Armatei Rom\u00e2ne: Suntem ast\u0103zi, aici, pentru a ar\u0103ta  rom\u00e2nilor \u0219i \u00eentregii lumii c\u0103 acest neam nu-\u0219i uit\u0103 eroii"},"content":{"rendered":"<p>&#8222;Marcam azi 8 decenii de la incheierea operatiunilor Armatei Romane in al Doilea Razboi Mondial, pe teritoriul tarii. Eliberarea orasului Carei, ultima localitate din Transilvania aflata inca sub ocupatie, a capatat o semnificatie cu totul aparte. Acest moment a devenit, in timp, simbolul luptei militarilor romani pentru libertatea poporului nostru, iar 25 octombrie &#8211; ziua in care sarbatorim si cinstim Armata Romaniei si pe militarii sai.\u00a0<\/p>\n<p>Astazi avem, inainte de orice, datoria de a ne gandi in primul rand la cei cazuti pe campurile de batalie, la toti cei care &#8211; in razboaiele trecute sau in misiunile mai recente &#8211; si-au dat viata in numele natiunii. Suntem azi, aici, la mormantul Ostasului Necunoscut, pentru a arata romanilor si intregii lumi ca acest neam nu-si va uita niciodata eroii.\u00a0<\/p>\n<p>Exprim recunostinta mea profunda tuturor militarilor cazuti la datorie sau raniti in misiunile din teatrele de operatii sau de pe teritoriul national&#8221;, a declarat Ciolacu, in discursul sustinu vineri, in Parcul Carol din Capitala.\u00a0<\/p>","protected":false},"excerpt":{"rendered":"<p>&#8222;Marcam azi 8 decenii de la incheierea operatiunilor Armatei Romane in al Doilea Razboi Mondial,&hellip;<\/p>\n","protected":false},"author":0,"featured_media":1768,"comment_status":"open","ping_status":"open","sticky":false,"template":"","format":"standard","meta":{"footnotes":""},"categories":[3],"tags":[],"class_list":["post-1767","post","type-post","status-publish","format-standard","has-post-thumbnail","hentry","category-politica"],"_links":{"self":[{"href":"https:\/\/247stiri.ro\/index.php\/wp-json\/wp\/v2\/posts\/1767","targetHints":{"allow":["GET"]}}],"collection":[{"href":"https:\/\/247stiri.ro\/index.php\/wp-json\/wp\/v2\/posts"}],"about":[{"href":"https:\/\/247stiri.ro\/index.php\/wp-json\/wp\/v2\/types\/post"}],"replies":[{"embeddable":true,"href":"https:\/\/247stiri.ro\/index.php\/wp-json\/wp\/v2\/comments?post=1767"}],"version-history":[{"count":0,"href":"https:\/\/247stiri.ro\/index.php\/wp-json\/wp\/v2\/posts\/1767\/revisions"}],"wp:featuredmedia":[{"embeddable":true,"href":"https:\/\/247stiri.ro\/index.php\/wp-json\/wp\/v2\/media\/1768"}],"wp:attachment":[{"href":"https:\/\/247stiri.ro\/index.php\/wp-json\/wp\/v2\/media?parent=1767"}],"wp:term":[{"taxonomy":"category","embeddable":true,"href":"https:\/\/247stiri.ro\/index.php\/wp-json\/wp\/v2\/categories?post=1767"},{"taxonomy":"post_tag","embeddable":true,"href":"https:\/\/247stiri.ro\/index.php\/wp-json\/wp\/v2\/tags?post=1767"}],"curies":[{"name":"wp","href":"https:\/\/api.w.org\/{rel}","templated":true}]}}