{"id":17685,"date":"2024-12-19T08:46:13","date_gmt":"2024-12-19T08:46:13","guid":{"rendered":"https:\/\/247stiri.ro\/index.php\/2024\/12\/19\/barbat-de-53-de-ani-retinut-pentru-incitare-la-ura-si-discriminare-ce-au-descoperit-politistii-la-locuinta-acestuia\/"},"modified":"2024-12-19T08:46:13","modified_gmt":"2024-12-19T08:46:13","slug":"barbat-de-53-de-ani-retinut-pentru-incitare-la-ura-si-discriminare-ce-au-descoperit-politistii-la-locuinta-acestuia","status":"publish","type":"post","link":"https:\/\/247stiri.ro\/index.php\/2024\/12\/19\/barbat-de-53-de-ani-retinut-pentru-incitare-la-ura-si-discriminare-ce-au-descoperit-politistii-la-locuinta-acestuia\/","title":{"rendered":"B\u0103rbat de 53 de ani, RE\u021aINUT pentru incitare la ur\u0103 \u0219i discriminare. Ce au descoperit poli\u021bi\u0219tii la locuin\u021ba acestuia"},"content":{"rendered":"<p>B\u0103rbatul de 53 de ani a fost re\u0163inut pentru 24 de ore, el fiind cercetat pentru s\u0103v\u00e2r\u015firea mai multor infrac\u0163iuni, respectiv pentru incitare la ur\u0103 sau discriminare \u00een form\u0103 continuat\u0103 (26 de acte materiale), promovarea, \u00een public, \u00een orice mod, de idei, concep\u0163ii sau doctrine antisemite, \u00een form\u0103 continuat\u0103 (29 de acte materiale), utilizarea \u00een public a simbolurilor fasciste, legionare, rasiste sau xenofobe, \u00een form\u0103 continuat\u0103 (27 de acte materiale) \u015fi negarea, contestarea, aprobarea, justificarea sau minimalizarea \u00een mod evident, prin orice mijloace, \u00een public, a holocaustului ori a efectelor acestuia prin intermediul unui sistem informatic \u00een form\u0103 continuat\u0103 ( 19 acte materiale).<\/p>\n<p>Poli\u0163i\u015ftii au f\u0103cut \u015fi o perchezi\u0163ie la locuin\u0163a b\u0103rbatului din Craiova, unde au descoperit obiecte folosite la s\u0103v\u00e2r\u015firea infrac\u0163iunilor cercetate, precum \u015fi arme albe. Toate probele au fost ridicate de oamenii legii.\u00a0<\/p>\n\n<p>\u201dDin cercet\u0103rile efectuate p\u00e2n\u0103 la acest moment rezult\u0103 c\u0103, \u00een perioada 10.04.2022-07.12.2024, b\u0103rbatul ar fi publicat 29 de videoclipuri pe o re\u0163ea de socializare \u00een cadrul c\u0103rora ar fi incitat urm\u0103ritorii la ura \u015fi violen\u0163\u0103 fa\u0163\u0103 de evrei, promov\u00e2nd doctrine antisemite, ar fi utilizat simboluri legionare \u015fi ar fi negat Holocaustul, scopul fiind racolarea urm\u0103ritorilor s\u0103i pentru coagularea unui nucleu cu orientare de extrem\u0103 dreapta sub cupola unei \u00abmi\u015fc\u0103ri na\u0163ionale\u00bb al c\u0103rei lider este, solicit\u00e2nd \u015fi primind \u00een acest sens dona\u0163ii financiare de la urm\u0103ritorii s\u0103i\u201d, au afirmat poli\u0163i\u015ftii.<\/p>\n<p>\u00a0<\/p>","protected":false},"excerpt":{"rendered":"<p>B\u0103rbatul de 53 de ani a fost re\u0163inut pentru 24 de ore, el fiind cercetat&hellip;<\/p>\n","protected":false},"author":0,"featured_media":17686,"comment_status":"open","ping_status":"open","sticky":false,"template":"","format":"standard","meta":{"footnotes":""},"categories":[2],"tags":[],"class_list":["post-17685","post","type-post","status-publish","format-standard","has-post-thumbnail","hentry","category-actual"],"_links":{"self":[{"href":"https:\/\/247stiri.ro\/index.php\/wp-json\/wp\/v2\/posts\/17685","targetHints":{"allow":["GET"]}}],"collection":[{"href":"https:\/\/247stiri.ro\/index.php\/wp-json\/wp\/v2\/posts"}],"about":[{"href":"https:\/\/247stiri.ro\/index.php\/wp-json\/wp\/v2\/types\/post"}],"replies":[{"embeddable":true,"href":"https:\/\/247stiri.ro\/index.php\/wp-json\/wp\/v2\/comments?post=17685"}],"version-history":[{"count":0,"href":"https:\/\/247stiri.ro\/index.php\/wp-json\/wp\/v2\/posts\/17685\/revisions"}],"wp:featuredmedia":[{"embeddable":true,"href":"https:\/\/247stiri.ro\/index.php\/wp-json\/wp\/v2\/media\/17686"}],"wp:attachment":[{"href":"https:\/\/247stiri.ro\/index.php\/wp-json\/wp\/v2\/media?parent=17685"}],"wp:term":[{"taxonomy":"category","embeddable":true,"href":"https:\/\/247stiri.ro\/index.php\/wp-json\/wp\/v2\/categories?post=17685"},{"taxonomy":"post_tag","embeddable":true,"href":"https:\/\/247stiri.ro\/index.php\/wp-json\/wp\/v2\/tags?post=17685"}],"curies":[{"name":"wp","href":"https:\/\/api.w.org\/{rel}","templated":true}]}}