{"id":1769,"date":"2024-10-25T08:47:12","date_gmt":"2024-10-25T08:47:12","guid":{"rendered":"https:\/\/247stiri.ro\/index.php\/2024\/10\/25\/primarul-ploiestiului-andrei-volosevici-retinut-de-parchet-chiar-in-ultima-zi-de-mandat-alaturi-de-alte-3-persoane-intre-care-un-jurnalist\/"},"modified":"2024-10-25T08:47:12","modified_gmt":"2024-10-25T08:47:12","slug":"primarul-ploiestiului-andrei-volosevici-retinut-de-parchet-chiar-in-ultima-zi-de-mandat-alaturi-de-alte-3-persoane-intre-care-un-jurnalist","status":"publish","type":"post","link":"https:\/\/247stiri.ro\/index.php\/2024\/10\/25\/primarul-ploiestiului-andrei-volosevici-retinut-de-parchet-chiar-in-ultima-zi-de-mandat-alaturi-de-alte-3-persoane-intre-care-un-jurnalist\/","title":{"rendered":"Primarul Ploie\u0219tiului, Andrei Volosevici, re\u021binut de Parchet chiar \u00een ultima zi de mandat, al\u0103turi de alte 3 persoane, \u00eentre care UN JURNALIST\u00a0"},"content":{"rendered":"<p>Oficiali ai Parchetului de pe l\u00e2ng\u0103 Curtea de Apel Ploie\u015fti au confirmat, vineri diminea\u0163\u0103, re\u0163inerea a patru persoane \u00een dosarul care vizeaz\u0103 infrac\u0163iuni de cump\u0103rare de influen\u0163\u0103, trafic de influen\u0163\u0103, santaj, uzurparea func\u0163iei, ultraj, purtare abuziv\u0103.<\/p>\n<p>Printre cei re\u0163inu\u0163i se num\u0103r\u0103 primarul municipiului Ploie\u015fti, Andrei Volosevici, aflat, vineri, \u00een ultima zi a celui de-al doilea mandat al s\u0103u. Volosevici nu a fost reales la scrutinul din 9 iunie.\u00a0<\/p>\n<p>Ordonan\u0163\u0103 de re\u0163inere a fost emis\u0103 \u015fi pe numele lui C\u0103t\u0103lin Stavri, care controleaz\u0103 un ziar online local \u015fi este, potrivit procurorilor, un apropiat al edilului.<\/p>\n<p>Acuza\u021bii grave pe numele lui Andrei Volosevici<\/p>\n<p>Primarul este acuzat c\u0103 a pus presiune asupra pre\u015fedintelui Consiliului de Administra\u0163ie al societ\u0103\u0163ii \u00a0HALE \u015fi PIE\u0162E S.A., firm\u0103 a Consiliului Local Ploie\u015fti care administreaz\u0103 pie\u0163ele din ora\u015f, pentru ca acesta s\u0103 rezilieze\/\u00eencheie contracte de \u00eenchiriere a unor spa\u0163ii comerciale cu \u00eenc\u0103lcarea dispozi\u0163iilor legale\u201d.ani jurnalistului C\u0103t\u0103lin Stavri, cel\u0103lalt acuzat c\u0103 l-a ajutat pe Stavri s\u0103 intre \u00een posesia sumei pe care procurorii sus\u0163in c\u0103 acesta ar fi primit-o \u00een schimbul interven\u0163iei sale pe l\u00e2ng\u0103 Agen\u0163ia pentru Protec\u0163ia Mediului Prahova.<\/p>\n<p>\u201e\u00cen fapt, \u00een perioada aprilie-septembrie 2021, suspectul V.A.L., \u00een calitate de primar al Municipiului Ploie\u015fti, a adresat \u00eenjurii \u015fi amenin\u0163\u0103ri, \u00een mod repetat, pre\u015fedintelui Consiliului de Administra\u0163ie al SC HALE \u015fi PIE\u0162E S.A. Ploie\u015fti pentru ca acesta s\u0103 rezilieze\/\u00eencheie contracte de \u00eenchiriere a unor spa\u0163ii comerciale cu \u00eenc\u0103lcarea dispozi\u0163iilor legale\u201d, se arat\u0103 \u00eentr-un comunicat al Parchetului de pe l\u00e2ng\u0103 Curtea de Apel Ploie\u015fti.<\/p>\n<p>Procurorii sus\u0163in c\u0103, \u00een perioada mai-octombrie 2021, C\u0103t\u0103lin Stavri \u201e\u00een calitate de jurnalist la o cunoscut\u0103 publica\u0163ie on-line local\u0103, din Ploie\u015fti, fiind cunoscut ca o persoan\u0103 apropiat\u0103 de primarul Municipiului Ploie\u015fti, a pretins \u015fi primit o important\u0103 sum\u0103 de bani pentru a interveni pe l\u00e2ng\u0103 acesta, pentru a facilita \u00eencheierea unui contract de \u00eenchiriere a unor spa\u0163ii comerciale. \u00cen aceea\u015fi perioad\u0103, suspectul S.C. a pretins \u015fi primit importante sume de bani de la reprezentantul unei societ\u0103\u0163i comerciale pentru a interveni pe l\u00e2ng\u0103 conducerea Agen\u0163iei pentru Protec\u0163ia Mediului Prahova, \u00een vederea \u00eencheierii \u00een condi\u0163ii avantajoase a unui contract de preluare \u015fi prelucrare a apelor uzate rezultate din procesul de fabrica\u0163ie la SC. MASPECS SRL\u201d.<\/p>\n<p>Acestea au fost ridicate dup\u0103 ce, joi, procurorii din cadrul Parchetului de pe l\u00e2ng\u0103 Curtea de Apel Ploie\u015fti \u00eempreun\u0103 cu ofi\u0163eri din cadrul S.G.A. D\u00e2mbovi\u0163a, D.G.A.-Structura Central\u0103, S.J.A. Buz\u0103u, I.P.J. D\u00e2mbovi\u0163a \u015fi jandarmi din cadrul Grup\u0103rii Mobile \u201eMatei Basarab\u201d din Ploie\u015fti au f\u0103cut \u015fapte perchezi\u0163ii la locuin\u0163ele a trei inculpa\u0163i \u015fi \u00a0la sediile sociale a mai multor societ\u0103\u0163i comerciale \u015fi S.C. HALE \u015fi PIE\u0162E S.A. Ploie\u015fti.<\/p>\n<p>\u00a0<\/p>","protected":false},"excerpt":{"rendered":"<p>Oficiali ai Parchetului de pe l\u00e2ng\u0103 Curtea de Apel Ploie\u015fti au confirmat, vineri diminea\u0163\u0103, re\u0163inerea&hellip;<\/p>\n","protected":false},"author":0,"featured_media":1770,"comment_status":"open","ping_status":"open","sticky":false,"template":"","format":"standard","meta":{"footnotes":""},"categories":[3],"tags":[],"class_list":["post-1769","post","type-post","status-publish","format-standard","has-post-thumbnail","hentry","category-politica"],"_links":{"self":[{"href":"https:\/\/247stiri.ro\/index.php\/wp-json\/wp\/v2\/posts\/1769","targetHints":{"allow":["GET"]}}],"collection":[{"href":"https:\/\/247stiri.ro\/index.php\/wp-json\/wp\/v2\/posts"}],"about":[{"href":"https:\/\/247stiri.ro\/index.php\/wp-json\/wp\/v2\/types\/post"}],"replies":[{"embeddable":true,"href":"https:\/\/247stiri.ro\/index.php\/wp-json\/wp\/v2\/comments?post=1769"}],"version-history":[{"count":0,"href":"https:\/\/247stiri.ro\/index.php\/wp-json\/wp\/v2\/posts\/1769\/revisions"}],"wp:featuredmedia":[{"embeddable":true,"href":"https:\/\/247stiri.ro\/index.php\/wp-json\/wp\/v2\/media\/1770"}],"wp:attachment":[{"href":"https:\/\/247stiri.ro\/index.php\/wp-json\/wp\/v2\/media?parent=1769"}],"wp:term":[{"taxonomy":"category","embeddable":true,"href":"https:\/\/247stiri.ro\/index.php\/wp-json\/wp\/v2\/categories?post=1769"},{"taxonomy":"post_tag","embeddable":true,"href":"https:\/\/247stiri.ro\/index.php\/wp-json\/wp\/v2\/tags?post=1769"}],"curies":[{"name":"wp","href":"https:\/\/api.w.org\/{rel}","templated":true}]}}