{"id":17691,"date":"2024-12-19T09:45:22","date_gmt":"2024-12-19T09:45:22","guid":{"rendered":"https:\/\/247stiri.ro\/index.php\/2024\/12\/19\/psd-iese-din-coalitie-si-se-duce-in-opozitie-ciolacu-nu-poti-construi-nimic-durabil-cu-parteneri-care-sunt-incapabili-sa-depaseasca-propriile-orgolii\/"},"modified":"2024-12-19T09:45:22","modified_gmt":"2024-12-19T09:45:22","slug":"psd-iese-din-coalitie-si-se-duce-in-opozitie-ciolacu-nu-poti-construi-nimic-durabil-cu-parteneri-care-sunt-incapabili-sa-depaseasca-propriile-orgolii","status":"publish","type":"post","link":"https:\/\/247stiri.ro\/index.php\/2024\/12\/19\/psd-iese-din-coalitie-si-se-duce-in-opozitie-ciolacu-nu-poti-construi-nimic-durabil-cu-parteneri-care-sunt-incapabili-sa-depaseasca-propriile-orgolii\/","title":{"rendered":"PSD iese din Coali\u021bie \u0219i se duce \u00een OPOZI\u021aIE. Ciolacu: Nu po\u021bi construi nimic durabil cu parteneri care sunt incapabili s\u0103 dep\u0103\u0219easc\u0103 propriile orgolii"},"content":{"rendered":"<p>Premierul Marcel Ciolacu a anun\u0163at c\u0103 PSD se retrage de la masa discu\u0163iilor pentru formarea Executivului \u015fi c\u0103 va vota \u00een Parlament un guvern de dreapta.<\/p>\n<p>&#8222;Ca s\u0103 fie clar! At\u00e2t eu, c\u00e2t \u0219i partidul pe care \u00eel conduc, am \u00een\u021beles perfect votul rom\u00e2nilor! A fost un vot la blam la adresa unei clase politice mai preocupat\u0103 de certuri sterile \u0219i r\u0103zbun\u0103ri dec\u00e2t de via\u021ba rom\u00e2nilor!\u00a0<\/p>\n<p>Tocmai de aceea am considerat c\u0103 suntem obliga\u021bi s\u0103 l\u0103s\u0103m la o parte ce a fost, s\u0103 trecem peste nerespectarea cuv\u00e2ntului dat de partenerii no\u0219tri de Coali\u021bie \u0219i s\u0103 \u00eencerc\u0103m s\u0103 mergem mai departe, \u00eempreun\u0103, pentru a da c\u00e2t mai repede un guvern stabil \u0219i func\u021bional acestei \u021b\u0103ri !\u00a0<\/p>\n<p>Fiind con\u0219tien\u021bi de situa\u021bia grav\u0103 \u00een care se afl\u0103 Rom\u00e2nia, lucru pe care nu doar partenerii europeni, ci \u0219i institu\u021biile financiare interna\u021bionale l-au semnalat deja, am mers chiar mai departe, ini\u021biind demersurile coagul\u0103rii unei coali\u021bii mai largi, format\u0103 din toate partide pro-europene.\u00a0<\/p>\n<p>Din p\u0103cate, nu po\u021bi construi nimic durabil cu parteneri care sunt incapabili s\u0103 dep\u0103\u0219easc\u0103 propriile orgolii \u0219i cli\u0219ee ideologice \u0219i care se comport\u0103 la fel ca \u00een campania electoral\u0103 care ne-a adus aici.\u00a0<\/p>\n<p>Nu po\u021bi s\u0103 stabile\u0219ti ceva concret cu oameni care una vorbesc \u00een interior \u0219i alta vorbesc \u00een fa\u021ba presei. Nu po\u021bi face nimic cu a\u0219a-zi\u0219i parteneri c\u0103rora le e \u201dsil\u0103\u201d s\u0103 stea la mas\u0103 cu tine \u0219i care au impresia c\u0103 a\u0219a se \u201dmurd\u0103resc\u201d.\u00a0<\/p>\n<p>PSD a suportat destul astfel de atitudini, f\u0103r\u0103 s\u0103 comenteze \u0219i f\u0103r\u0103 s\u0103 \u00ee\u0219i pun\u0103 poalele \u00een cap a\u0219a cum au f\u0103cut ceilal\u021bi. Acest mod de lucru este total contraproductiv \u00een fa\u021ba oamenilor.\u00a0<\/p>\n<p>De aceea, PSD se retrage cu demnitate de la masa discu\u021biilor, dar nu fugim de responsabilitate. Vom vota \u00een Parlament un guvern de dreapta! O facem pentru c\u0103 aceast\u0103 \u021bar\u0103 are nevoie urgent de un Guvern care s\u0103 gestioneze problemele curente p\u00e2n\u0103 la alegerile preziden\u021biale care vor urma.\u00a0<\/p>\n<p>Rom\u00e2nia nu trebuie s\u0103 fie aruncat\u0103 \u00een aer de atitudini puerile \u0219i orgolii proste\u0219ti, a scris Marcel Ciolacu&#8221;, pe Facebook.\u00a0<\/p>","protected":false},"excerpt":{"rendered":"<p>Premierul Marcel Ciolacu a anun\u0163at c\u0103 PSD se retrage de la masa discu\u0163iilor pentru formarea&hellip;<\/p>\n","protected":false},"author":0,"featured_media":17692,"comment_status":"open","ping_status":"open","sticky":false,"template":"","format":"standard","meta":{"footnotes":""},"categories":[3],"tags":[],"class_list":["post-17691","post","type-post","status-publish","format-standard","has-post-thumbnail","hentry","category-politica"],"_links":{"self":[{"href":"https:\/\/247stiri.ro\/index.php\/wp-json\/wp\/v2\/posts\/17691","targetHints":{"allow":["GET"]}}],"collection":[{"href":"https:\/\/247stiri.ro\/index.php\/wp-json\/wp\/v2\/posts"}],"about":[{"href":"https:\/\/247stiri.ro\/index.php\/wp-json\/wp\/v2\/types\/post"}],"replies":[{"embeddable":true,"href":"https:\/\/247stiri.ro\/index.php\/wp-json\/wp\/v2\/comments?post=17691"}],"version-history":[{"count":0,"href":"https:\/\/247stiri.ro\/index.php\/wp-json\/wp\/v2\/posts\/17691\/revisions"}],"wp:featuredmedia":[{"embeddable":true,"href":"https:\/\/247stiri.ro\/index.php\/wp-json\/wp\/v2\/media\/17692"}],"wp:attachment":[{"href":"https:\/\/247stiri.ro\/index.php\/wp-json\/wp\/v2\/media?parent=17691"}],"wp:term":[{"taxonomy":"category","embeddable":true,"href":"https:\/\/247stiri.ro\/index.php\/wp-json\/wp\/v2\/categories?post=17691"},{"taxonomy":"post_tag","embeddable":true,"href":"https:\/\/247stiri.ro\/index.php\/wp-json\/wp\/v2\/tags?post=17691"}],"curies":[{"name":"wp","href":"https:\/\/api.w.org\/{rel}","templated":true}]}}