{"id":17693,"date":"2024-12-19T09:45:22","date_gmt":"2024-12-19T09:45:22","guid":{"rendered":"https:\/\/247stiri.ro\/index.php\/2024\/12\/19\/politolog-georgescu-are-prima-sansa-la-urmatoarele-alegeri\/"},"modified":"2024-12-19T09:45:22","modified_gmt":"2024-12-19T09:45:22","slug":"politolog-georgescu-are-prima-sansa-la-urmatoarele-alegeri","status":"publish","type":"post","link":"https:\/\/247stiri.ro\/index.php\/2024\/12\/19\/politolog-georgescu-are-prima-sansa-la-urmatoarele-alegeri\/","title":{"rendered":"Politolog: Georgescu are prima \u0219ans\u0103 la urm\u0103toarele alegeri"},"content":{"rendered":"<p>&#8222;Dac\u0103 ne uit\u0103m, \u0219i Donald Trump a c\u00e2\u0219tigat la fel \u0219i oric\u00e2t s-a spus, pe dou\u0103 sau trei chestiuni importante. \u0218i nu numai Donald Trump. Dac\u0103 ne uit\u0103m \u00een Europa&#8230; Noi discut\u0103m fenomenul Georgescu ca \u0219i cum ar fi a\u0219a o chestiune cu totul ie\u0219it\u0103 din comun. Uita\u021bi-v\u0103 \u00een toat\u0103 Europa. \u00cen Germania, \u00een Olanda, \u00een Fran\u021ba. Adic\u0103 e un sentiment general.<\/p>\n<p>Dac\u0103 se reiau alegerile \u0219i el ar r\u0103m\u00e2ne \u00een curs\u0103, vom avea practic o delimitare mult mai clar\u0103 ca prima dat\u0103. Atunci erau \u0219i Ciuc\u0103 \u0219i Ciolacu. Acum vom avea ni\u0219te candida\u021bi din zona cealalt\u0103 \u0219i o stare de spirit care e extrem de predominant anti-sistem. Sigur c\u0103 e u\u0219or riscant, speculativ s\u0103 spun c\u0103 ar c\u00e2\u0219tiga din primul tur, dar pe de alt\u0103 parte e clar c\u0103 ar avea prima \u0219ans\u0103 \u00een aceste alegeri&#8221;, spune politologul Andi L\u0103zescu.<\/p>","protected":false},"excerpt":{"rendered":"<p>&#8222;Dac\u0103 ne uit\u0103m, \u0219i Donald Trump a c\u00e2\u0219tigat la fel \u0219i oric\u00e2t s-a spus, pe&hellip;<\/p>\n","protected":false},"author":0,"featured_media":17694,"comment_status":"open","ping_status":"open","sticky":false,"template":"","format":"standard","meta":{"footnotes":""},"categories":[3],"tags":[],"class_list":["post-17693","post","type-post","status-publish","format-standard","has-post-thumbnail","hentry","category-politica"],"_links":{"self":[{"href":"https:\/\/247stiri.ro\/index.php\/wp-json\/wp\/v2\/posts\/17693","targetHints":{"allow":["GET"]}}],"collection":[{"href":"https:\/\/247stiri.ro\/index.php\/wp-json\/wp\/v2\/posts"}],"about":[{"href":"https:\/\/247stiri.ro\/index.php\/wp-json\/wp\/v2\/types\/post"}],"replies":[{"embeddable":true,"href":"https:\/\/247stiri.ro\/index.php\/wp-json\/wp\/v2\/comments?post=17693"}],"version-history":[{"count":0,"href":"https:\/\/247stiri.ro\/index.php\/wp-json\/wp\/v2\/posts\/17693\/revisions"}],"wp:featuredmedia":[{"embeddable":true,"href":"https:\/\/247stiri.ro\/index.php\/wp-json\/wp\/v2\/media\/17694"}],"wp:attachment":[{"href":"https:\/\/247stiri.ro\/index.php\/wp-json\/wp\/v2\/media?parent=17693"}],"wp:term":[{"taxonomy":"category","embeddable":true,"href":"https:\/\/247stiri.ro\/index.php\/wp-json\/wp\/v2\/categories?post=17693"},{"taxonomy":"post_tag","embeddable":true,"href":"https:\/\/247stiri.ro\/index.php\/wp-json\/wp\/v2\/tags?post=17693"}],"curies":[{"name":"wp","href":"https:\/\/api.w.org\/{rel}","templated":true}]}}