{"id":17707,"date":"2024-12-19T10:45:04","date_gmt":"2024-12-19T10:45:04","guid":{"rendered":"https:\/\/247stiri.ro\/index.php\/2024\/12\/19\/3-curse-aeriene-care-urmau-sa-aterizeze-pe-aeroportul-din-iasi-deviate-din-cauza-cetii\/"},"modified":"2024-12-19T10:45:04","modified_gmt":"2024-12-19T10:45:04","slug":"3-curse-aeriene-care-urmau-sa-aterizeze-pe-aeroportul-din-iasi-deviate-din-cauza-cetii","status":"publish","type":"post","link":"https:\/\/247stiri.ro\/index.php\/2024\/12\/19\/3-curse-aeriene-care-urmau-sa-aterizeze-pe-aeroportul-din-iasi-deviate-din-cauza-cetii\/","title":{"rendered":"3 curse aeriene care urmau s\u0103 aterizeze pe Aeroportul din Ia\u0219i, DEVIATE din cauza ce\u021bii"},"content":{"rendered":"<p>Reprezentan\u0163ii Aeroportului Ia\u015fi au declarat pentru News.ro c\u0103 zborul Ryanair Bruxelles &#8211; Ia\u015fi, programat s\u0103 aterizeze la 10.40, a fost deviat c\u0103tre Otopeni, din cauza ce\u0163ii de pe aeroportul ie\u015fean.<\/p>\n<p>De asemenea, alte dou\u0103 curse WizzAir, respectiv Larnaca &#8211; Ia\u015fi \u015fi Milan &#8211; Ia\u015fi, programate s\u0103 ajung\u0103 la Ia\u015fi \u00een jurul orei 12.00, nu pot s\u0103 aterizeze din acela\u015fi motiv. Cele dou\u0103 avioane se afl\u0103 \u00een apropiere de Ia\u015fi, \u00eens\u0103, cel mai probabil, vor fi deviate c\u0103tre aeroportul din Suceava.<\/p>\n<p>&#8222;Din cauza ce\u0163ii dense la Aeroportul Ia\u015fi &#8211; vizibilitate 100 metri, sub nivelul de siguran\u0163\u0103 pentru ateriz\u0103ri \u015fi decol\u0103ri -, programul de zbor de ast\u0103zi poate suferi modific\u0103ri. \u00centruc\u00e2t cea\u0163a este un fenoment imprevizibil, este important ca cei care au programate c\u0103l\u0103torii \u00een cursul zilei de ast\u0103zi, s\u0103 \u0163in\u0103 leg\u0103tura cu operatorii aerieni. Siguran\u0163a pasagerilor \u015fi a echipajelor de zbor ram\u00e2ne \u00eentotdeauna o prioritate pentru Aeroportul Ia\u015fi \u015fi companiile aeriene&#8221;, au precizat reprezentan\u0163ii Aeroportului Ia\u015fi.<\/p>","protected":false},"excerpt":{"rendered":"<p>Reprezentan\u0163ii Aeroportului Ia\u015fi au declarat pentru News.ro c\u0103 zborul Ryanair Bruxelles &#8211; Ia\u015fi, programat s\u0103&hellip;<\/p>\n","protected":false},"author":0,"featured_media":17708,"comment_status":"open","ping_status":"open","sticky":false,"template":"","format":"standard","meta":{"footnotes":""},"categories":[2],"tags":[],"class_list":["post-17707","post","type-post","status-publish","format-standard","has-post-thumbnail","hentry","category-actual"],"_links":{"self":[{"href":"https:\/\/247stiri.ro\/index.php\/wp-json\/wp\/v2\/posts\/17707","targetHints":{"allow":["GET"]}}],"collection":[{"href":"https:\/\/247stiri.ro\/index.php\/wp-json\/wp\/v2\/posts"}],"about":[{"href":"https:\/\/247stiri.ro\/index.php\/wp-json\/wp\/v2\/types\/post"}],"replies":[{"embeddable":true,"href":"https:\/\/247stiri.ro\/index.php\/wp-json\/wp\/v2\/comments?post=17707"}],"version-history":[{"count":0,"href":"https:\/\/247stiri.ro\/index.php\/wp-json\/wp\/v2\/posts\/17707\/revisions"}],"wp:featuredmedia":[{"embeddable":true,"href":"https:\/\/247stiri.ro\/index.php\/wp-json\/wp\/v2\/media\/17708"}],"wp:attachment":[{"href":"https:\/\/247stiri.ro\/index.php\/wp-json\/wp\/v2\/media?parent=17707"}],"wp:term":[{"taxonomy":"category","embeddable":true,"href":"https:\/\/247stiri.ro\/index.php\/wp-json\/wp\/v2\/categories?post=17707"},{"taxonomy":"post_tag","embeddable":true,"href":"https:\/\/247stiri.ro\/index.php\/wp-json\/wp\/v2\/tags?post=17707"}],"curies":[{"name":"wp","href":"https:\/\/api.w.org\/{rel}","templated":true}]}}