{"id":17731,"date":"2024-12-19T12:44:49","date_gmt":"2024-12-19T12:44:49","guid":{"rendered":"https:\/\/247stiri.ro\/index.php\/2024\/12\/19\/fostul-parlamentar-nati-meir-urmeaza-sa-fie-extradat-in-romania-politicianul-are-de-ispasit-o-pedeapsa-grea-pentru-fapte-de-coruptie\/"},"modified":"2024-12-19T12:44:49","modified_gmt":"2024-12-19T12:44:49","slug":"fostul-parlamentar-nati-meir-urmeaza-sa-fie-extradat-in-romania-politicianul-are-de-ispasit-o-pedeapsa-grea-pentru-fapte-de-coruptie","status":"publish","type":"post","link":"https:\/\/247stiri.ro\/index.php\/2024\/12\/19\/fostul-parlamentar-nati-meir-urmeaza-sa-fie-extradat-in-romania-politicianul-are-de-ispasit-o-pedeapsa-grea-pentru-fapte-de-coruptie\/","title":{"rendered":"Fostul parlamentar Nati Meir urmeaz\u0103 s\u0103 fie EXTR\u0102DAT \u00een Rom\u00e2nia. Politicianul are de isp\u0103\u0219it o pedeaps\u0103 grea pentru fapte de CORUP\u021aIE"},"content":{"rendered":"<p>Instan\u0163a elen\u0103 a admis definitiv predarea lui Nati Meir \u015fi s-a solicitat \u00eentreprinderea demersurilor necesare \u00een vederea prelu\u0103rii sale, p\u00e2n\u0103 la data de 27 decembrie, a transmis sursa citat\u0103.<\/p>\n<p>Nati Meir a fost dat \u00een urm\u0103rire interna\u0163ional\u0103, fiind emis pe numele acestuia un mandat european de arestare la data de 29 ianuarie 2019, acesta fiind condamnat la o pedeaps\u0103 rezultant\u0103 de 11 ani de \u00eenchisoare pentru s\u0103v\u00e2r\u015firea a 7 infrac\u0163iuni de \u00een\u015fel\u0103ciune, trafic de influen\u0163\u0103 \u015fi luare de mit\u0103.<\/p>\n<p>&#8222;\u00cen urma localiz\u0103rii persoanei condamnate \u00een Grecia (Rhodos), la data de 4 noiembrie, autorit\u0103\u0163ile rom\u00e2ne au transmis c\u0103tre autorit\u0103\u0163ile elene mandatul european de arestare \u015fi hot\u0103r\u00e2rile judec\u0103tore\u015fti pronun\u0163ate \u00een cauz\u0103. De asemenea, Administra\u0163ia Na\u0163ional\u0103 a Penitenciarelor (ANP) a furnizat informa\u0163ii privind condi\u0163iile de deten\u0163ie de care ar beneficia \u00een cazul pred\u0103rii sale \u00een Rom\u00e2nia. Instan\u0163a competent\u0103 din Grecia a fost Curtea Dodecanez\u0103 de Apel&#8221;, precizeaz\u0103 Ministerul Justi\u0163iei.<\/p>\n<p>\u00cen 2024, p\u00e2n\u0103 la data de 9 decembrie, au fost adu\u015fi \u00een \u0163ar\u0103 763 de fugari, din 27 de \u0163\u0103ri pentru a-\u015fi executa pedepsele \u00een unit\u0103\u0163ile ANP, dintre ace\u015ftia, patru fiind adu\u015fi din Grecia, men\u0163ioneaz\u0103 Ministerul Justi\u0163iei.\u00a0<\/p>","protected":false},"excerpt":{"rendered":"<p>Instan\u0163a elen\u0103 a admis definitiv predarea lui Nati Meir \u015fi s-a solicitat \u00eentreprinderea demersurilor necesare&hellip;<\/p>\n","protected":false},"author":0,"featured_media":17732,"comment_status":"open","ping_status":"open","sticky":false,"template":"","format":"standard","meta":{"footnotes":""},"categories":[2],"tags":[],"class_list":["post-17731","post","type-post","status-publish","format-standard","has-post-thumbnail","hentry","category-actual"],"_links":{"self":[{"href":"https:\/\/247stiri.ro\/index.php\/wp-json\/wp\/v2\/posts\/17731","targetHints":{"allow":["GET"]}}],"collection":[{"href":"https:\/\/247stiri.ro\/index.php\/wp-json\/wp\/v2\/posts"}],"about":[{"href":"https:\/\/247stiri.ro\/index.php\/wp-json\/wp\/v2\/types\/post"}],"replies":[{"embeddable":true,"href":"https:\/\/247stiri.ro\/index.php\/wp-json\/wp\/v2\/comments?post=17731"}],"version-history":[{"count":0,"href":"https:\/\/247stiri.ro\/index.php\/wp-json\/wp\/v2\/posts\/17731\/revisions"}],"wp:featuredmedia":[{"embeddable":true,"href":"https:\/\/247stiri.ro\/index.php\/wp-json\/wp\/v2\/media\/17732"}],"wp:attachment":[{"href":"https:\/\/247stiri.ro\/index.php\/wp-json\/wp\/v2\/media?parent=17731"}],"wp:term":[{"taxonomy":"category","embeddable":true,"href":"https:\/\/247stiri.ro\/index.php\/wp-json\/wp\/v2\/categories?post=17731"},{"taxonomy":"post_tag","embeddable":true,"href":"https:\/\/247stiri.ro\/index.php\/wp-json\/wp\/v2\/tags?post=17731"}],"curies":[{"name":"wp","href":"https:\/\/api.w.org\/{rel}","templated":true}]}}