{"id":17761,"date":"2024-12-19T14:45:08","date_gmt":"2024-12-19T14:45:08","guid":{"rendered":"https:\/\/247stiri.ro\/index.php\/2024\/12\/19\/ccr-a-decis-supra-impozitarea-pensiilor-magistratilor-este-neconstitutionala\/"},"modified":"2024-12-19T14:45:08","modified_gmt":"2024-12-19T14:45:08","slug":"ccr-a-decis-supra-impozitarea-pensiilor-magistratilor-este-neconstitutionala","status":"publish","type":"post","link":"https:\/\/247stiri.ro\/index.php\/2024\/12\/19\/ccr-a-decis-supra-impozitarea-pensiilor-magistratilor-este-neconstitutionala\/","title":{"rendered":"CCR a decis: supra-impozitarea pensiilor magistra\u021bilor este neconstitu\u021bional\u0103"},"content":{"rendered":"<p>Curtea Constitu\u021bional\u0103 a Rom\u00e2niei a decis joi, 19 decembrie, c\u0103 impozitarea progresiv\u0103 a pensiilor magistra\u021bilor este neconstitu\u021bional\u0103.\u00a0<\/p>\n<p>Astfel, o alt\u0103 poten\u021bial\u0103 surs\u0103 de venituri pentru bugetul din 2025 a disp\u0103rut. Anterior, Banca Mondial\u0103 spune c\u0103 m\u0103sura va avea un impact neglijabil.<\/p>\n<p>Comunicatul CCR:<\/p>\n<p>\u00cen \u0219edin\u021ba din data de 19 decembrie 2024, Curtea Constitu\u021bional\u0103, \u00een cadrul controlului de constitu\u021bionalitate a posteriori, cu majoritate de voturi, a admis excep\u021bia de neconstitu\u021bionalitate \u0219i a constatat c\u0103 dispozi\u021biile art.101 din Legea nr.227\/2015 privind Codul fiscal sunt neconstitu\u021bionale.<\/p>\n<p>\u00cen esen\u021b\u0103, Curtea a constatat c\u0103, \u00een ceea ce prive\u0219te modalitatea de calcul a impozitului care se bazeaz\u0103 pe partea contributiv\u0103 \u0219i pe partea necontributiv\u0103 a pensiilor, precum \u0219i pe doi indicatori variabili [c\u00e2\u0219tigul mediu salarial brut \u0219i c\u00e2\u0219tigul mediu salarial net], textul nu precizeaz\u0103 care este \u00een concret modalitatea de calcul a p\u0103r\u021bii contributive, respectiv perioada la care se raporteaz\u0103 partea contributiv\u0103 a venitului din pensii, ceea ce determin\u0103 \u00eenc\u0103lcarea prevederilor art.1 alin.(5) din Constitu\u021bie. De asemenea, Curtea a re\u021binut c\u0103 raportarea la aceia\u0219i indicatori variabili se men\u021bine \u0219i \u00een cazul pensiilor care au doar component\u0103 necontributiv\u0103, respectiv pensiile militare. \u00a0Din moment ce indicatorii folosi\u021bi \u00een formula de calcul nu sunt constan\u021bi, iar valoarea lor se stabile\u0219te anual, o dat\u0103 cu adoptarea legii bugetului asigur\u0103rilor sociale de stat pe anul respectiv, textul de lege criticat creeaz\u0103 premisele pentru ca pensia aflat\u0103 \u00een plat\u0103 s\u0103 fie permanent repus\u0103 \u00een discu\u021bie \u0219i s\u0103 fie supus\u0103 unei recalcul\u0103ri anuale, prin raportare la fiecare nou nivel al c\u00e2\u015ftigului salarial mediu brut \u0219i al c\u00e2\u0219tigului salarial mediu net, ceea ce \u00eencalc\u0103 dispozi\u021biile art.1 alin.(3) \u0219i (5), precum \u0219i ale art.15 alin.(2) din Legea fundamental\u0103.<\/p>\n<p>Totodat\u0103, Curtea a observat c\u0103 legiuitorul are dreptul de a reglementa formarea, administrarea, \u00eentrebuin\u021barea \u0219i controlul resurselor financiare ale statului, astfel cum rezult\u0103 din prevederile Legii fundamentale, \u00eens\u0103 acest drept este supus cerin\u021belor constitu\u021bionale referitoare la principiul legalit\u0103\u021bii \u0219i securit\u0103\u021bii raporturilor juridice fiscale, \u00een componenta privind calitatea normelor.<\/p>\n<p>Curtea a constatat c\u0103, \u00een aceste condi\u021bii, r\u0103m\u00e2n aplicabile dispozi\u021biile Codului fiscal referitoare la cota de impozit de 10% aplicabil\u0103 fiec\u0103rei surse din fiecare categorie de venit impozabil.<\/p>\n<p>*<\/p>\n<p>Decizia este definitiv\u0103 \u0219i general obligatorie.<\/p>\n<p>Argumentele re\u021binute \u00een motivarea solu\u021biei pronun\u021bate de Curtea Constitu\u021bional\u0103 vor fi prezentate \u00een cuprinsul deciziei, care se va publica \u00een Monitorul Oficial al Rom\u00e2niei, Partea I.<\/p>\n<p>II. De asemenea, Curtea Constitu\u021bional\u0103 a am\u00e2nat pentru 4 februarie 2025 obiec\u021bia de neconstitu\u021bionalitate a Legii privind aprobarea Ordonan\u021bei de urgen\u021b\u0103 a Guvernului nr.79\/2024 pentru modificarea Ordonan\u021bei de urgen\u021b\u0103 a Guvernului nr.57\/2019 privind Codul administrativ, obiec\u021bie formulat\u0103 de \u00cenalta Curte de Casa\u021bie \u0219i Justi\u021bie.<\/p>","protected":false},"excerpt":{"rendered":"<p>Curtea Constitu\u021bional\u0103 a Rom\u00e2niei a decis joi, 19 decembrie, c\u0103 impozitarea progresiv\u0103 a pensiilor magistra\u021bilor&hellip;<\/p>\n","protected":false},"author":0,"featured_media":17762,"comment_status":"open","ping_status":"open","sticky":false,"template":"","format":"standard","meta":{"footnotes":""},"categories":[2],"tags":[],"class_list":["post-17761","post","type-post","status-publish","format-standard","has-post-thumbnail","hentry","category-actual"],"_links":{"self":[{"href":"https:\/\/247stiri.ro\/index.php\/wp-json\/wp\/v2\/posts\/17761","targetHints":{"allow":["GET"]}}],"collection":[{"href":"https:\/\/247stiri.ro\/index.php\/wp-json\/wp\/v2\/posts"}],"about":[{"href":"https:\/\/247stiri.ro\/index.php\/wp-json\/wp\/v2\/types\/post"}],"replies":[{"embeddable":true,"href":"https:\/\/247stiri.ro\/index.php\/wp-json\/wp\/v2\/comments?post=17761"}],"version-history":[{"count":0,"href":"https:\/\/247stiri.ro\/index.php\/wp-json\/wp\/v2\/posts\/17761\/revisions"}],"wp:featuredmedia":[{"embeddable":true,"href":"https:\/\/247stiri.ro\/index.php\/wp-json\/wp\/v2\/media\/17762"}],"wp:attachment":[{"href":"https:\/\/247stiri.ro\/index.php\/wp-json\/wp\/v2\/media?parent=17761"}],"wp:term":[{"taxonomy":"category","embeddable":true,"href":"https:\/\/247stiri.ro\/index.php\/wp-json\/wp\/v2\/categories?post=17761"},{"taxonomy":"post_tag","embeddable":true,"href":"https:\/\/247stiri.ro\/index.php\/wp-json\/wp\/v2\/tags?post=17761"}],"curies":[{"name":"wp","href":"https:\/\/api.w.org\/{rel}","templated":true}]}}