{"id":1778,"date":"2024-10-25T08:47:13","date_gmt":"2024-10-25T08:47:13","guid":{"rendered":"https:\/\/247stiri.ro\/index.php\/2024\/10\/25\/ziua-armatei-i-a-adus-fata-in-fata-pe-ciuca-iohannis-si-ciolacu-mesajul-presedintelui-pentru-clasa-politica-in-prima-zi-de-campanie-video\/"},"modified":"2024-10-25T08:47:13","modified_gmt":"2024-10-25T08:47:13","slug":"ziua-armatei-i-a-adus-fata-in-fata-pe-ciuca-iohannis-si-ciolacu-mesajul-presedintelui-pentru-clasa-politica-in-prima-zi-de-campanie-video","status":"publish","type":"post","link":"https:\/\/247stiri.ro\/index.php\/2024\/10\/25\/ziua-armatei-i-a-adus-fata-in-fata-pe-ciuca-iohannis-si-ciolacu-mesajul-presedintelui-pentru-clasa-politica-in-prima-zi-de-campanie-video\/","title":{"rendered":"Ziua Armatei i-a adus fa\u021b\u0103 \u00een fa\u021b\u0103 pe Ciuc\u0103, Iohannis \u0219i Ciolacu &#8211; Mesajul pre\u0219edintelui pentru clasa politic\u0103, \u00een prima zi de campanie &#8211; VIDEO"},"content":{"rendered":"<p>Ziua Armatei Rom\u00e2niei va fi s\u0103rb\u0103torit\u0103 printr-o serie de manifest\u0103ri organizate \u00een principalele garnizoane din \u0163ar\u0103, \u00een bazele militare din teatrele de opera\u0163ii \u00een care sunt disloca\u0163i militarii rom\u00e2ni, precum \u015fi \u00een statele \u00een care Rom\u00e2nia are acredita\u0163i ata\u015fa\u0163i ai ap\u0103r\u0103rii \u015fi \u00een capitalele statelor unde \u0163ara noastr\u0103 are reprezentan\u0163e permanente.<\/p>\n<p>\u201eFelicit\u0103ri tinerelor \u0219i tinerilor militari care au depus ast\u0103zi jur\u0103m\u00e2ntul!\u00a0<\/p>\n<p>Onor\u0103m ast\u0103zi, \u00eempreun\u0103, Armata Rom\u00e2niei, principalul pilon al sistemului na\u021bional de ap\u0103rare, care garanteaz\u0103 suveranitatea, independen\u021ba \u0219i unitatea statului, precum \u0219i integritatea teritorial\u0103 a \u021b\u0103rii \u0219i democra\u021bia constitu\u021bional\u0103.<\/p>\n<p>Anivers\u0103m, de asemenea, 80 de ani de la eliberarea ultimei brazde de p\u0103m\u00e2nt rom\u00e2nesc de la grani\u021ba de vest, eveniment cu semnifica\u021bie major\u0103 pentru afirmarea independen\u021bei \u0219i a suveranit\u0103\u021bii Rom\u00e2niei.<\/p>\n<p>Pentru \u00eendeplinirea acestui rol fundamental \u0219i pentru \u00eentreaga activitate desf\u0103\u0219urat\u0103 \u00een slujba \u021b\u0103rii, suntem profund recunosc\u0103tori militarilor no\u0219tri activi, \u00een rezerv\u0103 \u0219i \u00een retragere, precum \u0219i personalului civil din cadrul Armatei Rom\u00e2niei.<\/p>\n<p>Dedic\u0103m aceast\u0103 zi \u0219i osta\u0219ilor no\u0219tri care au pl\u0103tit pre\u021bul suprem pe c\u00e2mpul de lupt\u0103, pentru ca Rom\u00e2nia s\u0103 se dezvolte \u0219i s\u0103 devin\u0103 statul democratic, respectat \u00een Europa \u0219i \u00een lume, a\u0219a cum este ast\u0103zi.\u00a0<\/p>\n<p>Totodat\u0103, g\u00e2ndurile noastre de pre\u021buire \u0219i recuno\u0219tin\u021b\u0103 se \u00eendreapt\u0103 c\u0103tre veteranii de r\u0103zboi, care au luptat pentru Rom\u00e2nia \u00een cele dou\u0103 conflagra\u021bii mondiale, precum \u0219i c\u0103tre militarii no\u0219tri care \u0219i-au \u00eendeplinit cu succes misiunile \u00een teatrele de opera\u021bii, al\u0103turi de Alia\u021bi \u0219i parteneri.\u00a0Travers\u0103m vremuri dificile, marcate de provoc\u0103ri multiple, care sporesc instabilitatea \u0219i impredictibilitatea evolu\u021biilor de securitate la nivel regional, european \u0219i global, context \u00een care puterea militar\u0103 cap\u0103t\u0103 o \u0219i mai mare relevan\u021b\u0103, at\u00e2t ca un mijloc de consolidare \u0219i proiectare a for\u021bei, c\u00e2t \u0219i ca factor esen\u021bial de descurajare \u0219i ap\u0103rare.\u00a0<\/p>\n<p>R\u0103zboiul de agresiune al Rusiei \u00eempotriva Ucrainei a zdruncinat arhitectura de securitate pe continentul european \u0219i reprezint\u0103 o \u00eenc\u0103lcare grav\u0103 a dreptului interna\u021bional \u0219i o provocare la adresa ordinii interna\u021bionale bazate pe reguli, care a asigurat pacea \u0219i stabilitatea \u00een lume dup\u0103 cel de-Al Doilea R\u0103zboi Mondial.\u00a0<\/p>\n<p>De aceea, trebuie s\u0103 r\u0103m\u00e2nem ferm angaja\u021bi \u00een sprijinirea dreptului Ucrainei la autoap\u0103rare \u00een fa\u021ba agresorului, at\u00e2t timp c\u00e2t va fi necesar, \u00eempreun\u0103 cu Alia\u021bii din NATO \u0219i cu partenerii europeni \u0219i interna\u021bionali.<\/p>\n<p>For\u021bele ruse continu\u0103 ac\u021biunile de agresiune, f\u0103c\u00e2nd victime civile \u0219i produc\u00e2nd pagube \u00eensemnate la nivelul infrastructurii portuare ucrainene, inclusiv \u00een proximitatea frontierei fluviale cu Rom\u00e2nia.\u00a0<\/p>\n<p>\u00cen fa\u021ba acestor provoc\u0103ri, r\u0103m\u00e2nem vigilen\u021bi \u0219i continu\u0103m eforturile na\u021bionale conjugate \u0219i cooperarea str\u00e2ns\u0103 cu Alia\u021bii pentru a consolida pe mai departe postura de descurajare \u0219i ap\u0103rare a NATO \u00een regiunea M\u0103rii Negre, care reprezint\u0103 o zon\u0103 de importan\u021b\u0103 strategic\u0103 pentru securitatea euroatlantic\u0103.<\/p>\n<p>Totodat\u0103, suntem \u00een proces de optimizare a cadrului legislativ na\u021bional pentru a fi \u00een m\u0103sur\u0103 s\u0103 prevenim \u0219i s\u0103 combatem riscul ca drone e\u0219uate, utilizate de for\u021bele ruse \u00eempotriva obiectivelor ucrainene, sau fragmente ale acestora s\u0103 cad\u0103 pe teritoriul na\u021bional.\u00a0<\/p>\n<p>Rom\u00e2nia este ast\u0103zi o \u021bar\u0103 sigur\u0103 \u0219i un pilon de stabilitate \u00een Estul Europei, iar cet\u0103\u021benii rom\u00e2ni beneficiaz\u0103 de cele mai solide garan\u021bii de securitate din istoria noastr\u0103.\u00a0<\/p>\n<p>La Summitul NATO de la Washington din acest an, liderii Alia\u021bi au subliniat c\u0103 r\u0103m\u00e2n ferm angaja\u021bi fa\u021b\u0103 de securitatea \u0219i stabilitatea regiunii M\u0103rii Negre, iar acest fapt se datoreaz\u0103, \u00een mare m\u0103sur\u0103, eforturilor politice, diplomatice \u0219i militare ale Rom\u00e2niei din ultimii 10 ani.\u00a0De altfel, faptele vorbesc de la sine. G\u0103zduim pe teritoriul na\u021bional o serie de structuri \u0219i comandamente NATO importante, iar aproximativ 5.000 de militari alia\u021bi se instruiesc \u00eempreun\u0103 cu militarii rom\u00e2ni.\u00a0<\/p>\n<p>Le mul\u021bumesc \u0219i cu acest prilej militarilor din Statele Unite ale Americii, Fran\u021ba, Spania, Portugalia, Polonia, Belgia, Marea Britanie, \u021a\u0103rile de Jos, Italia, Norvegia, Bulgaria, Turcia, Luxemburg, Germania, Canada, Grecia, Macedonia de Nord \u0219i Ungaria pentru prezen\u021ba \u00een \u021bara noastr\u0103.\u00a0<\/p>\n<p>V\u0103 felicit cu ocazia depunerii jur\u0103m\u00e2ntului de credin\u021b\u0103 fa\u021b\u0103 de \u021bar\u0103! Jur\u0103m\u00e2ntul nu este doar o promisiune, ci \u0219i un cuv\u00e2nt de onoare prin care v\u0103 angaja\u021bi solemn s\u0103 ap\u0103ra\u021bi \u021bara, poporul \u0219i valorile na\u021bionale.\u00a0<\/p>\n<p>V\u0103 urez mult succes \u00een misiunea pe care v-a\u021bi asumat-o ast\u0103zi!<\/p>\n<p>Dragi militari, \u00een ultimii ani au avut loc progrese semnificative la nivelul Armatei Rom\u00e2niei, \u00een special \u00een ceea ce prive\u0219te \u00eenzestrarea cu capabilit\u0103\u021bi moderne, iar dumneavoastr\u0103 sunte\u021bi principalii beneficiari ai acestui efort na\u021bional.\u00a0<\/p>\n<p>\u00cenc\u0103 de la preluarea primului meu mandat de Pre\u0219edinte, am sus\u021binut alocarea a 2% din PIB pentru Ap\u0103rare, conform angajamentului din cadrul NATO.\u00a0<\/p>\n<p>Ulterior, pe fondul cerin\u021belor opera\u021bionale generate de schimb\u0103rile din mediul de securitate, am \u00eencurajat cre\u0219terea aloc\u0103rilor bugetare pentru Ap\u0103rare la 2,5% din PIB, \u00eencep\u00e2nd cu anul 2023.\u00a0<\/p>\n<p>Armata Rom\u00e2niei trebuie s\u0103 beneficieze \u00een continuare de o baz\u0103 financiar\u0103 solid\u0103, considerabil peste 2% din PIB, dup\u0103 cum ne-am asumat la nivelul NATO, pentru a implementa, conform planific\u0103rii, programele majore de \u00eenzestrare a for\u021belor armate, pe termen scurt, mediu \u0219i lung.<\/p>\n<p>Totodat\u0103, o parte important\u0103 dintre aceste investi\u021bii substan\u021biale trebuie s\u0103 se \u00eentoarc\u0103 \u00een industria na\u021bional\u0103 de Ap\u0103rare, pe m\u0103sur\u0103 ce procesul de revigorare a acestui sector strategic avanseaz\u0103.\u00a0Armata Rom\u00e2niei este respectat\u0103 \u0219i apreciat\u0103 \u00een mediul interna\u021bional pentru modul \u00een care \u00ee\u0219i \u00eendepline\u0219te misiunile \u00eencredin\u021bate, at\u00e2t \u00een \u021bar\u0103, c\u00e2t \u0219i \u00een cadrul ONU, al NATO \u0219i al Uniunii Europene.\u00a0<\/p>\n<p>Prin devotamentul, profesionalismul \u0219i spiritul de sacrificiu de care da\u021bi dovad\u0103 \u00een activitatea dumneavoastr\u0103, oferi\u021bi un exemplu de putere, hot\u0103r\u00e2re \u0219i curaj tinerei genera\u021bii.<\/p>\n<p>Sunt convins c\u0103 ve\u021bi continua s\u0103 v\u0103 desf\u0103\u0219ura\u021bi activitatea la cele mai \u00eenalte standarde, pentru a fi mereu \u00een m\u0103sur\u0103 s\u0103 r\u0103spunde\u021bi prompt \u0219i eficient oric\u0103ror provoc\u0103ri.\u00a0<\/p>\n<p>Pentru loialitatea \u0219i onoarea cu care sluji\u021bi \u021bara, ave\u021bi respectul \u0219i aprecierea noastr\u0103!<\/p>\n<p>V\u0103 doresc mult\u0103 s\u0103n\u0103tate \u0219i succes \u00een \u00eendeplinirea misiunilor care v\u0103 revin pentru ap\u0103rarea \u021b\u0103rii!<\/p>\n<p>La mul\u021bi ani Armatei Rom\u00e2niei! La mul\u021bi ani, Rom\u00e2nia!\u201d, a transmis Klaus Iohannis.\u00a0<\/p>\n<p>Ziua Armatei Rom\u00e2ne \u00een Bucure\u015fti. Programul activit\u0103\u0163ilor:\u00a0<\/p>\n<p>&#8211; Morm\u00e2ntul Osta\u015fului Necunoscut, din Parcul Carol I, ora 10:00 &#8211; ceremonie militar\u0103 \u015fi religioas\u0103 de depunere de coroane \u015fi jerbe de flori, ceremonie de depunere a jur\u0103m\u00e2ntului militar de studen\u0163ii anilor I ai Academiei Tehnice Militare, Universit\u0103\u0163ii Na\u0163ionale de Ap\u0103rare \u015fi Institutului Medico-Militar, urmate de schimbarea g\u0103rzii la MON. De asemenea, aeronave militare ale For\u0163elor Aeriene Rom\u00e2ne vor survola monumentul;<\/p>\n<p>&#8211; Monumentul Eroilor Patriei din cel de-al Doilea R\u0103zboi Mondial, din fa\u0163a Universit\u0103\u0163ii Na\u0163ionale de Ap\u0103rare &#8222;Carol I&#8221;, ora 12:00 &#8211; ceremonie militar\u0103 \u015fi religioas\u0103 de depunere de coroane \u015fi jerbe de flori;<\/p>\n<p>\u00a0<\/p>\n<p>&#8211; Monumentul Eroilor C\u0103zu\u0163i \u00een Teatrele de Opera\u0163ii \u015fi pe Teritoriul Rom\u00e2niei, din fa\u0163a Palatului Na\u0163ional al Copiilor, ora 12:00 &#8211; ceremonie militar\u0103 \u015fi religioas\u0103 de depunere de coroane \u015fi jerbe de flori;<\/p>\n<p>&#8211; Retragere cu tor\u0163e, ora 19:00, pe traseul Palatul Cercului Militar Na\u0163ional, Calea Victoriei, bd. Regina Elisabeta, bd. Mihail Kog\u0103lniceanu, Splaiul Independen\u0163ei, bd. Eroilor Sanitari, str. Profesor Doctor Gheorghe Marinescu, \u015foseaua Cotroceni, bd. Iuliu Maniu, bd. General Paul Teodorescu, bd. Timi\u015foara, sediul Brig\u0103zii 30 Gard\u0103 &#8222;Mihai Viteazul&#8221;.<\/p>\n<p>De asemenea, \u00een zilele de vineri \u015fi s\u00e2mb\u0103t\u0103, Ministerul Ap\u0103r\u0103rii Na\u0163ionale, \u00eempreun\u0103 cu Asocia\u0163ia ONOR &#8211; Oameni, Na\u0163iune, Onoare, Respect &#8211; \u015fi Prim\u0103ria Municipiului Bucure\u015fti, prin ARCUB, organizeaz\u0103 evenimentul &#8222;ONOR Armatei Rom\u00e2niei&#8221;, pe Calea Victoriei din Bucure\u015fti (tronsonul Ateneul Rom\u00e2n &#8211; Palatul Cercului Militar Na\u0163ional). Deschiderea oficial\u0103 va avea loc vineri, de la ora 19:00, pe scena amplasat\u0103 \u00een Pia\u0163a George Enescu, cu un spectacol \u00een cadrul c\u0103ruia vor performa Muzica Reprezentativ\u0103 a Armatei, Forma\u0163ia 1st Cavalry Division Band a armatei americane \u015fi arti\u015fti ai Operei Na\u0163ionale Bucure\u015fti.<\/p>","protected":false},"excerpt":{"rendered":"<p>Ziua Armatei Rom\u00e2niei va fi s\u0103rb\u0103torit\u0103 printr-o serie de manifest\u0103ri organizate \u00een principalele garnizoane din&hellip;<\/p>\n","protected":false},"author":0,"featured_media":1772,"comment_status":"open","ping_status":"open","sticky":false,"template":"","format":"standard","meta":{"footnotes":""},"categories":[2],"tags":[],"class_list":["post-1778","post","type-post","status-publish","format-standard","has-post-thumbnail","hentry","category-actual"],"_links":{"self":[{"href":"https:\/\/247stiri.ro\/index.php\/wp-json\/wp\/v2\/posts\/1778","targetHints":{"allow":["GET"]}}],"collection":[{"href":"https:\/\/247stiri.ro\/index.php\/wp-json\/wp\/v2\/posts"}],"about":[{"href":"https:\/\/247stiri.ro\/index.php\/wp-json\/wp\/v2\/types\/post"}],"replies":[{"embeddable":true,"href":"https:\/\/247stiri.ro\/index.php\/wp-json\/wp\/v2\/comments?post=1778"}],"version-history":[{"count":0,"href":"https:\/\/247stiri.ro\/index.php\/wp-json\/wp\/v2\/posts\/1778\/revisions"}],"wp:featuredmedia":[{"embeddable":true,"href":"https:\/\/247stiri.ro\/index.php\/wp-json\/wp\/v2\/media\/1772"}],"wp:attachment":[{"href":"https:\/\/247stiri.ro\/index.php\/wp-json\/wp\/v2\/media?parent=1778"}],"wp:term":[{"taxonomy":"category","embeddable":true,"href":"https:\/\/247stiri.ro\/index.php\/wp-json\/wp\/v2\/categories?post=1778"},{"taxonomy":"post_tag","embeddable":true,"href":"https:\/\/247stiri.ro\/index.php\/wp-json\/wp\/v2\/tags?post=1778"}],"curies":[{"name":"wp","href":"https:\/\/api.w.org\/{rel}","templated":true}]}}