{"id":1779,"date":"2024-10-25T08:47:13","date_gmt":"2024-10-25T08:47:13","guid":{"rendered":"https:\/\/247stiri.ro\/index.php\/2024\/10\/25\/incendiu-in-parcarea-subterana-a-unul-mall-din-cluj-o-masina-a-luat-foc-300-de-persoane-evacuate-din-cladirea-de-birouri\/"},"modified":"2024-10-25T08:47:13","modified_gmt":"2024-10-25T08:47:13","slug":"incendiu-in-parcarea-subterana-a-unul-mall-din-cluj-o-masina-a-luat-foc-300-de-persoane-evacuate-din-cladirea-de-birouri","status":"publish","type":"post","link":"https:\/\/247stiri.ro\/index.php\/2024\/10\/25\/incendiu-in-parcarea-subterana-a-unul-mall-din-cluj-o-masina-a-luat-foc-300-de-persoane-evacuate-din-cladirea-de-birouri\/","title":{"rendered":"Incendiu \u00een parcarea subteran\u0103 a unul mall din Cluj.  O ma\u0219in\u0103 a luat foc. 300 de persoane, evacuate din cl\u0103direa de birouri"},"content":{"rendered":"<p>\u00cen urma apelului la 112, echipele Deta\u0219amentului 1 Cluj-Napoca au sosit rapid la fa\u021ba locului cu dou\u0103 autospeciale de stingere \u0219i un echipaj al Serviciului de Ambulan\u021b\u0103 Jude\u021bean, mobilizat preventiv pentru asisten\u021b\u0103 medical\u0103.<\/p>\n<p>Focul a fost lichidat \u00een scurt timp, f\u0103r\u0103 a provoca pagube suplimentare sau necesitatea evacu\u0103rii persoanelor din cl\u0103dirile apropiate. Interven\u021bia prompt\u0103 a pompierilor a limitat efectele incendiului la vehiculul afectat, iar echipajele r\u0103m\u00e2n \u00een zon\u0103 pentru verific\u0103ri de siguran\u021b\u0103 \u0219i prevenirea oric\u0103ror riscuri suplimentare. Din fericire, nimeni nu a fost r\u0103nit \u00een acest incident.<\/p>\n<p>\u201ePompierii din cadrul Deta\u0219amentului 1 Cluj-Napoca intervin \u00een aceste momente pentru a stinge un incendiu care a cuprins un autoturism aflat \u00eentr-o parcare subteran\u0103 de pe Bulevardul 21 Decembrie 1989. Incendiul a fost lichidat \u0219i nu s-a impus evacuarea persoanelor aflate \u00een cl\u0103dirile din apropiere. La fa\u021ba locului au fost trimise dou\u0103 autospeciale \u0219i un echipaj SAJ, preventiv\u201d., au transmis reprezentan\u021bii ISU Cluj.<\/p>\n<p>\u00a0<\/p>\n\n<p>Reprezentan\u021bii ISU Cluj au anun\u021bat c\u0103 \u00een continuare se ventileaz\u0103 spa\u021biul din parcarea subteran\u0103 a cl\u0103dirii. \u00cen paralel, aproximativ 300 de persoane au p\u0103r\u0103sit, temporar, birourile. Interven\u021bia se va finaliza \u00een cur\u00e2nd.<\/p>","protected":false},"excerpt":{"rendered":"<p>\u00cen urma apelului la 112, echipele Deta\u0219amentului 1 Cluj-Napoca au sosit rapid la fa\u021ba locului&hellip;<\/p>\n","protected":false},"author":0,"featured_media":1780,"comment_status":"open","ping_status":"open","sticky":false,"template":"","format":"standard","meta":{"footnotes":""},"categories":[2],"tags":[],"class_list":["post-1779","post","type-post","status-publish","format-standard","has-post-thumbnail","hentry","category-actual"],"_links":{"self":[{"href":"https:\/\/247stiri.ro\/index.php\/wp-json\/wp\/v2\/posts\/1779","targetHints":{"allow":["GET"]}}],"collection":[{"href":"https:\/\/247stiri.ro\/index.php\/wp-json\/wp\/v2\/posts"}],"about":[{"href":"https:\/\/247stiri.ro\/index.php\/wp-json\/wp\/v2\/types\/post"}],"replies":[{"embeddable":true,"href":"https:\/\/247stiri.ro\/index.php\/wp-json\/wp\/v2\/comments?post=1779"}],"version-history":[{"count":0,"href":"https:\/\/247stiri.ro\/index.php\/wp-json\/wp\/v2\/posts\/1779\/revisions"}],"wp:featuredmedia":[{"embeddable":true,"href":"https:\/\/247stiri.ro\/index.php\/wp-json\/wp\/v2\/media\/1780"}],"wp:attachment":[{"href":"https:\/\/247stiri.ro\/index.php\/wp-json\/wp\/v2\/media?parent=1779"}],"wp:term":[{"taxonomy":"category","embeddable":true,"href":"https:\/\/247stiri.ro\/index.php\/wp-json\/wp\/v2\/categories?post=1779"},{"taxonomy":"post_tag","embeddable":true,"href":"https:\/\/247stiri.ro\/index.php\/wp-json\/wp\/v2\/tags?post=1779"}],"curies":[{"name":"wp","href":"https:\/\/api.w.org\/{rel}","templated":true}]}}