{"id":17879,"date":"2024-12-19T21:44:49","date_gmt":"2024-12-19T21:44:49","guid":{"rendered":"https:\/\/247stiri.ro\/index.php\/2024\/12\/19\/crin-antonescu-spune-ca-nu-a-fost-contactat-de-nimeni-pentru-candidatura-la-prezidentiale\/"},"modified":"2024-12-19T21:44:49","modified_gmt":"2024-12-19T21:44:49","slug":"crin-antonescu-spune-ca-nu-a-fost-contactat-de-nimeni-pentru-candidatura-la-prezidentiale","status":"publish","type":"post","link":"https:\/\/247stiri.ro\/index.php\/2024\/12\/19\/crin-antonescu-spune-ca-nu-a-fost-contactat-de-nimeni-pentru-candidatura-la-prezidentiale\/","title":{"rendered":"Crin Antonescu spune c\u0103 nu a fost contactat de nimeni pentru candidatura la preziden\u021biale"},"content":{"rendered":"<p>Crin Antonescu, a afirmat vineri c\u0103 p\u00e2n\u0103 \u00een prezent nu i s-a propus s\u0103 candideze, dar c\u0103 va da un r\u0103spuns civilizat atunci c\u00e2nd va fi \u00eentrebat.<\/p>\n<p><a href=\"https:\/\/www.realitatea.net\/stiri\/actual\/surse-crin-antonescu-candidatul-comun-pnlpsd-pentru-alegerile-prezidentiale_676468b1f28b6d22de10c412\" target=\"_blank\">SURSE &#8211; Crin Antonescu, candidatul comun PNL-PSD pentru alegerile preziden\u021biale<\/a><\/p>\n<p>Crin Antonescu a spus, la un post de televiziune, c\u0103 nu a avut discu\u021bii cu membrii niciunui partid referitoare la o posibil\u0103 candidatur\u0103 la alegerile preziden\u021biale de anul viitor.<\/p>\n<p>\u201eEu nu am avut nici acum, \u00een aceste zile, nici alt\u0103 dat\u0103, nicio discu\u021bie oficial\u0103, formal\u0103, cum spune\u021bi, cu niciunul din liderii sau reprezentan\u021bii \u00eemputernici\u021bi ai vreunui partid din aceast\u0103 coali\u021bie pe subiectul acesta \u0219i pe niciun altul. Eu, de asemenea, nu mi-am declarat dorin\u021ba, inten\u021bia n-am \u00een agent de chestiunea asta nu mi s-a oferit, n-am oferit. Faptul c\u0103 numele meu a revenit cred c\u0103 se datoreaz\u0103 domnului pre\u0219edinte UDMR, Kelemen Hunor, care la un moment dat, \u00eentr-un \u0219ir de oameni pe care domnia sa \u00eei considera de luat \u00een calcul, a ad\u0103ugat \u0219i numele meu. Sigur, fapt care m\u0103 onoreaz\u0103 \u0219i pentru care \u00eei mul\u021bumesc, dar asta este tot, nimic altceva\u201d, a afirmat acesta.<\/p>\n<p>\u00centrebat dac\u0103 ia \u00een calcul s\u0103 candideze la preziden\u021biale, Crin Antonescu a r\u0103spuns: \u201eNu, am spus foarte clar c\u0103 de dorit nu \u00eemi doresc. Nu am \u00een agend\u0103 a\u0219a ceva \u0219i de luat \u00een calcul nu am ce s\u0103 iau. Pe scurt, ca s\u0103 fiu foarte deschis, dac\u0103 cineva mi-ar face o propunere, a\u0219 da un r\u0103spuns cum e civilizat. Dac\u0103 cineva a \u00eentrebat ceva, voi da un r\u0103spuns. Nu vorbesc sau nu r\u0103spund, \u00een orice caz, ne\u00eentrebat de c\u00e2nd m\u0103 \u0219tiu\u201d.<\/p>","protected":false},"excerpt":{"rendered":"<p>Crin Antonescu, a afirmat vineri c\u0103 p\u00e2n\u0103 \u00een prezent nu i s-a propus s\u0103 candideze,&hellip;<\/p>\n","protected":false},"author":0,"featured_media":17873,"comment_status":"open","ping_status":"open","sticky":false,"template":"","format":"standard","meta":{"footnotes":""},"categories":[2],"tags":[],"class_list":["post-17879","post","type-post","status-publish","format-standard","has-post-thumbnail","hentry","category-actual"],"_links":{"self":[{"href":"https:\/\/247stiri.ro\/index.php\/wp-json\/wp\/v2\/posts\/17879","targetHints":{"allow":["GET"]}}],"collection":[{"href":"https:\/\/247stiri.ro\/index.php\/wp-json\/wp\/v2\/posts"}],"about":[{"href":"https:\/\/247stiri.ro\/index.php\/wp-json\/wp\/v2\/types\/post"}],"replies":[{"embeddable":true,"href":"https:\/\/247stiri.ro\/index.php\/wp-json\/wp\/v2\/comments?post=17879"}],"version-history":[{"count":0,"href":"https:\/\/247stiri.ro\/index.php\/wp-json\/wp\/v2\/posts\/17879\/revisions"}],"wp:featuredmedia":[{"embeddable":true,"href":"https:\/\/247stiri.ro\/index.php\/wp-json\/wp\/v2\/media\/17873"}],"wp:attachment":[{"href":"https:\/\/247stiri.ro\/index.php\/wp-json\/wp\/v2\/media?parent=17879"}],"wp:term":[{"taxonomy":"category","embeddable":true,"href":"https:\/\/247stiri.ro\/index.php\/wp-json\/wp\/v2\/categories?post=17879"},{"taxonomy":"post_tag","embeddable":true,"href":"https:\/\/247stiri.ro\/index.php\/wp-json\/wp\/v2\/tags?post=17879"}],"curies":[{"name":"wp","href":"https:\/\/api.w.org\/{rel}","templated":true}]}}