{"id":17886,"date":"2024-12-19T22:45:59","date_gmt":"2024-12-19T22:45:59","guid":{"rendered":"https:\/\/247stiri.ro\/index.php\/2024\/12\/19\/profetia-uimitoare-a-celui-mai-apreciat-parinte-de-la-muntele-athos-totul-va-deveni-un-spital-de-nebuni\/"},"modified":"2024-12-19T22:45:59","modified_gmt":"2024-12-19T22:45:59","slug":"profetia-uimitoare-a-celui-mai-apreciat-parinte-de-la-muntele-athos-totul-va-deveni-un-spital-de-nebuni","status":"publish","type":"post","link":"https:\/\/247stiri.ro\/index.php\/2024\/12\/19\/profetia-uimitoare-a-celui-mai-apreciat-parinte-de-la-muntele-athos-totul-va-deveni-un-spital-de-nebuni\/","title":{"rendered":"Profe\u021bia uimitoare a celui mai apreciat p\u0103rinte de la Muntele Athos: \u201eTotul va deveni un spital de nebuni\u201d"},"content":{"rendered":"<p>\u201e\u00cencet-\u00eencet destule \u00eencep s\u0103 ias\u0103 la iveal\u0103. Strig \u0219i eu netrebnicul de ata\u021bia ani! Situa\u021bia este \u00eenfrico\u0219\u0103toare, ciudat\u0103. Nerozia a \u00eentrecut limitele. A venit lep\u0103darea \u0219i r\u0103m\u00e2ne ca acum s\u0103 vin\u0103 \u201cfiul pierz\u0103rii. Totul va deveni un spital de nebuni.\u00a0<\/p>\n<p>\u00cen harababura ce va st\u0103p\u00e2ni, fiecare stat se va ridica s\u0103 fac\u0103 orice-i spune cugetul. Dumnezeu s\u0103 ajute, ca interesele celor mari s\u0103 fie astfel \u00eenc\u00e2t s\u0103 ne ajute. Din ce \u00een ce vom auzi de ceva mai nou. Vom vedea f\u0103c\u00e2ndu-se lucrurile cele mai nea\u0219teptate, mai nera\u021bionale. Numai c\u0103 evenimentele se vor derula cu repeziciune\u201d, a prezis p\u0103rintele ortodox Paisie Aghioritul.<\/p>\n<p><a title=\"Oamenii de stiinta considera ca au descoperit data exacta a nasterii lui Iisus - si spun ca nu a fost pe 25 decembrie i. Hr.\" href=\"https:\/\/www.realitatea.net\/stiri\/actual\/oamenii-de-stiinta-considera-ca-au-descoperit-data-exacta-a-nasterii-lui-iisus-si-spun-ca-nu-a-fost-pe-25-decembrie-1-i-hr_675807920590bb3fa9250c32\">Oamenii de \u0219tiin\u021b\u0103 consider\u0103 c\u0103 au descoperit data exact\u0103 a na\u0219terii lui Iisus &#8211; \u0219i spun c\u0103 nu a fost pe 25 decembrie \u00ee. Hr.<\/a><\/p>\n<p>P\u0103rintele Paisie Aghioritul, cunoscut \u0219i sub numele de Arsenios Eznepidis, a fost un c\u0103lug\u0103r ortodox care \u0219i-a dedicat via\u021ba Sf\u00e2ntului Munte Athos. S-a n\u0103scut pe 25 iulie 1924 \u00een provincia Kayseri, Turcia. La v\u00e2rsta de 69 de ani, a trecut la cele ve\u0219nice pe 12 iulie 1994, fiind \u00eenmorm\u00e2ntat \u00een incinta M\u0103n\u0103stirii \u201eSf\u00e2ntul Ioan Evanghelistul\u201d din Suroti, l\u00e2ng\u0103 Tesalonic. Aceast\u0103 m\u0103n\u0103stire a devenit un important loc de pelerinaj pentru cre\u0219tinii ortodoc\u0219i din \u00eentreaga lume. P\u0103rintele Paisie Aghioritul este venerat pentru \u00eenv\u0103\u021b\u0103turile sale spirituale, care au influen\u021bat profund comunitatea credincio\u0219ilor.<\/p>\n<p>Prin hot\u0103r\u00e2rea unanim\u0103 adoptat\u0103 \u00een cadrul \u0219edin\u021bei din 13 ianuarie 2015, Sf\u00e2ntul Sinod l-a canonizat pe Cuviosul Paisie Aghioritul, \u00eenscriindu-l \u00een Sinaxarul Bisericii Ortodoxe a Greciei \u0219i stabilind ziua de pomenire \u00een fiecare an pe 12 iulie. \u00cen plus, \u00een Rom\u00e2nia, Sf\u00e2ntul Sinod a decis s\u0103-l includ\u0103 \u00een Calendarul Bisericii Ortodoxe Rom\u00e2ne \u00eencep\u00e2nd cu anul 2016, sub denumirea de Sf\u00e2nt Cuvios Paisie Aghioritul. Aceast\u0103 recunoa\u0219tere oficial\u0103 a sfin\u021beniei \u0219i a meritelor sale spirituale reflect\u0103 importan\u021ba \u0219i influen\u021ba pe care Cuviosul Paisie Aghioritul le-a avut \u0219i continu\u0103 s\u0103 le exercite asupra credincio\u0219ilor \u0219i asupra Bisericii Ortodoxe.<\/p>\n<p><a title=\"Ce a patit un preot din Suceava care a tinut o predica anti-Occident. Reactia Arhiepiscopiei Sucevei si Radautilor\" href=\"https:\/\/www.realitatea.net\/stiri\/actual\/ce-a-patit-un-preot-din-suceava-care-a-tinut-o-predica-antioccident-reactia-arhiepiscopiei-sucevei-si-radautilor_6756a1ac4fc7f605d81a6887\">Ce a p\u0103\u021bit un preot din Suceava care a \u021binut o predic\u0103 anti-Occident. Reac\u021bia Arhiepiscopiei Sucevei \u015fi R\u0103d\u0103u\u0163ilor<\/a><\/p>","protected":false},"excerpt":{"rendered":"<p>\u201e\u00cencet-\u00eencet destule \u00eencep s\u0103 ias\u0103 la iveal\u0103. Strig \u0219i eu netrebnicul de ata\u021bia ani! Situa\u021bia&hellip;<\/p>\n","protected":false},"author":0,"featured_media":17881,"comment_status":"open","ping_status":"open","sticky":false,"template":"","format":"standard","meta":{"footnotes":""},"categories":[2],"tags":[],"class_list":["post-17886","post","type-post","status-publish","format-standard","has-post-thumbnail","hentry","category-actual"],"_links":{"self":[{"href":"https:\/\/247stiri.ro\/index.php\/wp-json\/wp\/v2\/posts\/17886","targetHints":{"allow":["GET"]}}],"collection":[{"href":"https:\/\/247stiri.ro\/index.php\/wp-json\/wp\/v2\/posts"}],"about":[{"href":"https:\/\/247stiri.ro\/index.php\/wp-json\/wp\/v2\/types\/post"}],"replies":[{"embeddable":true,"href":"https:\/\/247stiri.ro\/index.php\/wp-json\/wp\/v2\/comments?post=17886"}],"version-history":[{"count":0,"href":"https:\/\/247stiri.ro\/index.php\/wp-json\/wp\/v2\/posts\/17886\/revisions"}],"wp:featuredmedia":[{"embeddable":true,"href":"https:\/\/247stiri.ro\/index.php\/wp-json\/wp\/v2\/media\/17881"}],"wp:attachment":[{"href":"https:\/\/247stiri.ro\/index.php\/wp-json\/wp\/v2\/media?parent=17886"}],"wp:term":[{"taxonomy":"category","embeddable":true,"href":"https:\/\/247stiri.ro\/index.php\/wp-json\/wp\/v2\/categories?post=17886"},{"taxonomy":"post_tag","embeddable":true,"href":"https:\/\/247stiri.ro\/index.php\/wp-json\/wp\/v2\/tags?post=17886"}],"curies":[{"name":"wp","href":"https:\/\/api.w.org\/{rel}","templated":true}]}}