{"id":17892,"date":"2024-12-19T22:46:00","date_gmt":"2024-12-19T22:46:00","guid":{"rendered":"https:\/\/247stiri.ro\/index.php\/2024\/12\/19\/iohannis-avertisment-pentru-europa-atacurile-hibrid-rusesti-vizeaza-subminarea-democratiei-prin-dezinformare\/"},"modified":"2024-12-19T22:46:00","modified_gmt":"2024-12-19T22:46:00","slug":"iohannis-avertisment-pentru-europa-atacurile-hibrid-rusesti-vizeaza-subminarea-democratiei-prin-dezinformare","status":"publish","type":"post","link":"https:\/\/247stiri.ro\/index.php\/2024\/12\/19\/iohannis-avertisment-pentru-europa-atacurile-hibrid-rusesti-vizeaza-subminarea-democratiei-prin-dezinformare\/","title":{"rendered":"Iohannis, avertisment pentru Europa: \u201eAtacurile hibrid ruse\u0219ti vizeaz\u0103 subminarea democra\u021biei prin dezinformare\u201d"},"content":{"rendered":"<p>Klaus Iohannis, pre\u015fedintele Rom\u00e2niei, a atras aten\u0163ia, joi, 19 decembrie, la Consiliul European, asupra intensific\u0103rii atacurilor hibride ruse\u015fti care vizeaz\u0103 subminarea democra\u0163iilor prin dezinformare, prin activit\u0103\u0163i cibernetice maligne, manipulare prin social media, \u00een special \u00een contexte electorale, amintind \u00een acest sens de alegerile din \u0163ara noastr\u0103 \u015fi din Republica Moldova.<\/p>\n<p>El a subliniat c\u0103 aceste atacuri nu sunt \u00eendreptate numai c\u0103tre o singur\u0103 \u0163ar\u0103, ci \u00eempotriva societ\u0103\u0163ilor democratice \u00een general \u015fi a modului de via\u0163\u0103 bazat pe valori, drepturi \u015fi libert\u0103\u0163i, precizeaz\u0103 Administra\u0163ia Preziden\u0163ial\u0103.<\/p>\n<p>\u00cen acest cadru, Klaus Iohannis a informat liderii UE despre evolu\u0163iile recente din Rom\u00e2nia, \u00een contextul alegerilor preziden\u0163iale, \u015fi a transmis un mesaj ferm privind respectul pentru valorile democratice \u015fi calea proeuropean\u0103, Rom\u00e2nia continu\u00e2nd s\u0103 fie o \u0163ar\u0103 stabil\u0103 \u015fi responsabil\u0103.<\/p>\n<p>Astfel, pre\u015fedintele Rom\u00e2niei a solicitat, la nivelul UE, o coordonare eficient\u0103 pe tema combaterii ingerin\u0163elor str\u0103ine prin dezvoltarea de instrumente \u015fi mecanisme eficiente \u00eempotriva acestor fenomene tot mai prezente, tema combaterii interferen\u0163elor \u015fi activit\u0103\u0163ilor hibride ale Rusiei fiind introdus\u0103 \u00een textul Concluziilor finale la solicitarea Rom\u00e2niei.<\/p>\n<p>\u00cen ceea ce prive\u015fte decizia de ridicare a controalelor la frontierele terestre \u015fi finalizarea ader\u0103rii Rom\u00e2niei \u015fi Bulgariei la Schengen, textul Concluziilor Consiliului European salut\u0103 adoptarea acesteia \u015fi, \u00een acest context, pre\u015fedintele Klaus Iohannis a adresat mul\u0163umiri celorlal\u0163i lideri UE pentru sprijinul acordat pentru adoptarea acestei decizii \u015fi a reiterat angajamentul \u0163\u0103rii noastre de a r\u0103m\u00e2ne \u00een continuare un partener angajat \u015fi proactiv \u00een consolidarea securit\u0103\u0163ii interne a UE, precum \u015fi a securit\u0103\u0163ii frontierelor externe.<\/p>\n<p>Referitor la Ucraina, discu\u0163iile au vizat r\u0103zboiul de agresiune al Rusiei \u00eempotriva Ucrainei pe toate dimensiunile sale, precum \u015fi continuarea sprijinului cuprinz\u0103tor al Uniunii pentru Ucraina. A fost reafirmat\u0103 sus\u0163inerea UE pentru principiile \u015fi obiectivele cheie ale Formulei de Pace propuse de pre\u015fedintele Zelenski, fiind subliniat\u0103 importan\u0163a faptului ca nicio ini\u0163iativ\u0103 interna\u0163ional\u0103 de pace s\u0103 nu fie avansat\u0103 f\u0103r\u0103 implicarea Ucrainei. \u00cen egal\u0103 m\u0103sur\u0103, UE trebuie s\u0103 r\u0103m\u00e2n\u0103 implicat\u0103 \u00eendeaproape \u00een toate chestiunile care privesc securitatea Europei, arat\u0103 Administra\u0163ia Preziden\u0163ial\u0103.<\/p>\n<p>\u00cen acest sens, pre\u015fedintele Iohannis a reconfirmat sprijinul \u0163\u0103rii noastre pentru Ucraina, pe toate palierele relevante, \u00eendeosebi \u00een ceea ce prive\u015fte nevoile de ap\u0103rare \u015fi cele energetice. Cu privire la eventuale negocieri pentru pace, \u015feful statului rom\u00e2n a subliniat necesitatea ca acestea s\u0103 se bazeze pe principii corecte \u015fi juste, cu respectarea dreptului interna\u0163ional \u015fi a pozi\u0163iei Ucrainei, ca victim\u0103 a acestei agresiuni ilegale \u015fi neprovocate.<\/p>\n<p>Totodat\u0103, Klaus Iohannis a atras aten\u0163ia asupra problemei securit\u0103\u0163ii energetice a Republicii Moldova, care, al\u0103turi de Ucraina, se confrunt\u0103 cu provoc\u0103ri tot mai grave pe acest palier, pe fondul agresiunii ruse. Pre\u015fedintele Klaus Iohannis a pledat inclusiv pentru maximizarea sprijinului oferit la nivel bilateral pentru cele dou\u0103 \u0163\u0103ri, \u00eempreun\u0103 cu partenerii europeni \u015fi interna\u0163ionali.<\/p>\n<p>Totodat\u0103, a punctat \u015fi necesitatea continu\u0103rii sprijinului rezilien\u0163ei \u015fi a stabilit\u0103\u0163ii Republicii Moldova, precum \u015fi a eforturilor de reform\u0103 pe calea sa european\u0103, inclusiv prin implementarea Planului de Cre\u015ftere pentru Moldova \u015fi prin adoptarea rapid\u0103 a Facilit\u0103\u0163ii de Reform\u0103 \u015fi Cre\u015ftere. De asemenea, Concluziile adoptate fac referire la necesitatea consolid\u0103rii sprijinului pentru Republica Moldova pe palierele cruciale men\u0163ionate, inclusiv securitatea energetic\u0103.<\/p>\n<p>Liderii UE au abordat situa\u0163ia din Orientul Mijlociu, fiind salutat acordul de \u00eencetare a focului din 27 noiembrie \u00eentre Israel \u015fi Liban \u015fi au reiterat apelul c\u0103tre p\u0103r\u0163ile implicate privind implementarea acestuia. Totodat\u0103, a fost reluat apelul de \u00eencetare a focului \u00een F\u00e2\u015fia Gaza \u015fi de eliberare a tuturor ostaticilor, precum \u015fi de \u00eembun\u0103t\u0103\u0163ire a accesului la asisten\u0163\u0103 umanitar\u0103. Liderii europeni au reiterat angajamentul fa\u0163\u0103 de respectarea dreptului interna\u0163ional \u015fi solu\u0163ia celor dou\u0103 state.<\/p>\n<p>Pre\u015fedintele Rom\u00e2niei a pledat pentru o pozi\u0163ionare unitar\u0103, ferm\u0103 \u015fi coordonat\u0103 care s\u0103 permit\u0103 UE s\u0103 \u00ee\u015fi aduc\u0103 propria contribu\u0163ie la solu\u0163ionarea acestor crize, \u00een conformitate cu dreptul interna\u0163ional \u015fi principiile multilateralismului. \u00cen acest sens, arat\u0103 el, Uniunea European\u0103 \u00ee\u015fi poate consolida rolul de mediator \u00een regiune, precum \u015fi pe cel de ap\u0103r\u0103tor al drepturilor omului, \u00eentr-un sens mai larg.<\/p>\n<p>Referitor la situa\u0163ia din Siria, Klaus Iohannis a reiterat sprijinul \u0163\u0103rii noastre pentru politica UE privind revenirea refugia\u0163ilor sirieni, care trebuie s\u0103 fie voluntar\u0103 \u015fi \u00een condi\u0163ii de siguran\u0163\u0103. De asemenea, a ar\u0103tat c\u0103 este necesar\u0103 o solu\u0163ie politic\u0103 \u00een Siria, care s\u0103 includ\u0103 o tranzi\u0163ie pa\u015fnic\u0103 a puterii c\u0103tre un guvern responsabil, care s\u0103 protejeze suveranitatea, unitatea \u015fi integritatea teritorial\u0103 a Siriei.<\/p>\n<p>\u015eeful statului a \u00eencurajat men\u0163inerea unei abord\u0103ri constructive \u00een ceea ce prive\u015fte gestionarea migra\u0163iei, cu accent pe urm\u0103rirea progreselor pe partea de protec\u0163ie a frontierelor \u015fi consolidare a dimensiunii externe a migra\u0163iei. El subliniat, de asemenea, c\u0103 migra\u0163ia continu\u0103 s\u0103 fie o provocare comun\u0103, care trebuie abordat\u0103 printr-o cooperare consolidat\u0103 \u015fi m\u0103suri decisive, care au produs rezultate pozitive p\u00e2n\u0103 \u00een prezent prin reducerea migra\u0163iei ilegale \u015fi a cererilor de azil. Totodat\u0103, a men\u0163ionat faptul c\u0103 Rom\u00e2nia poate sprijini o implementare timpurie a Pactului privind migra\u0163ia \u015fi azilul, pe anumite aspecte, \u0163in\u00e2nd cont de un echilibru corect \u00eentre responsabilitate \u015fi solidaritate.<\/p>\n<p>Klaus Iohannis a ar\u0103tat c\u0103 politica de extindere, una dintre cele mai importante politici ale UE, trebuie continuat\u0103, inclusiv lu\u00e2nd \u00een considerare oportunit\u0103\u0163ile oferite de cadrul actual. A reiterat sprijinul fa\u0163\u0103 de ambi\u0163iile partenerilor de a avansa procesele de aderare la UE \u00eentr-un ritm crescut, cu respectarea principiului meritelor proprii. \u00cen acest context, acesta a evocat \u015fi sprijinul pentru obiectivul deschiderii c\u00e2t mai cur\u00e2nd posibil a Clusterului I de negocieri cu Republica Moldova \u015fi Ucraina.<\/p>\n<p>Liderii europeni au reiterat importan\u0163a cre\u015fterii preg\u0103tirii, prevenirii \u015fi r\u0103spunsului la crize, \u00een contextul unui climat al amenin\u0163\u0103rilor aflat \u00een continu\u0103 evolu\u0163ie. A fost accentuat\u0103, de asemenea, importan\u0163a unei preg\u0103tiri \u00eembun\u0103t\u0103\u0163ite \u015fi coordonate la nivel militar \u015fi civil, \u00een cadrul unei abord\u0103ri care ia \u00een considerare riscurile pe toate palierele relevante.<\/p>\n<p>Pre\u015fedintele Rom\u00e2niei a reafirmat importan\u0163a \u015fi urgen\u0163a consolid\u0103rii capacit\u0103\u0163ilor UE de ac\u0163iune \u00een acest domeniu, ca priorit\u0103\u0163i ale Uniunii, inclusiv \u00een contextul num\u0103rului tot mai mare de dezastre naturale cauzate de schimb\u0103rile climatice.<\/p>\n<p>Klaus Iohannis a pledat, totodat\u0103, pentru necesitatea unei preg\u0103tiri consolidate \u015fi coordonate pentru gestionarea strategic\u0103 a crizelor, la nivelul \u00eentregii societ\u0103\u0163i, respect\u00e2nd competen\u0163ele statelor membre \u015fi \u00een sinergie cu NATO, precum \u015fi pentru un nivel realist de ambi\u0163ie \u015fi pentru prioritizarea ini\u0163iativelor \u00een domeniu, care necesit\u0103 finan\u0163are urgent\u0103.<\/p>","protected":false},"excerpt":{"rendered":"<p>Klaus Iohannis, pre\u015fedintele Rom\u00e2niei, a atras aten\u0163ia, joi, 19 decembrie, la Consiliul European, asupra intensific\u0103rii&hellip;<\/p>\n","protected":false},"author":0,"featured_media":17885,"comment_status":"open","ping_status":"open","sticky":false,"template":"","format":"standard","meta":{"footnotes":""},"categories":[2],"tags":[],"class_list":["post-17892","post","type-post","status-publish","format-standard","has-post-thumbnail","hentry","category-actual"],"_links":{"self":[{"href":"https:\/\/247stiri.ro\/index.php\/wp-json\/wp\/v2\/posts\/17892","targetHints":{"allow":["GET"]}}],"collection":[{"href":"https:\/\/247stiri.ro\/index.php\/wp-json\/wp\/v2\/posts"}],"about":[{"href":"https:\/\/247stiri.ro\/index.php\/wp-json\/wp\/v2\/types\/post"}],"replies":[{"embeddable":true,"href":"https:\/\/247stiri.ro\/index.php\/wp-json\/wp\/v2\/comments?post=17892"}],"version-history":[{"count":0,"href":"https:\/\/247stiri.ro\/index.php\/wp-json\/wp\/v2\/posts\/17892\/revisions"}],"wp:featuredmedia":[{"embeddable":true,"href":"https:\/\/247stiri.ro\/index.php\/wp-json\/wp\/v2\/media\/17885"}],"wp:attachment":[{"href":"https:\/\/247stiri.ro\/index.php\/wp-json\/wp\/v2\/media?parent=17892"}],"wp:term":[{"taxonomy":"category","embeddable":true,"href":"https:\/\/247stiri.ro\/index.php\/wp-json\/wp\/v2\/categories?post=17892"},{"taxonomy":"post_tag","embeddable":true,"href":"https:\/\/247stiri.ro\/index.php\/wp-json\/wp\/v2\/tags?post=17892"}],"curies":[{"name":"wp","href":"https:\/\/api.w.org\/{rel}","templated":true}]}}