{"id":17923,"date":"2024-12-20T06:49:27","date_gmt":"2024-12-20T06:49:27","guid":{"rendered":"https:\/\/247stiri.ro\/index.php\/2024\/12\/20\/eugen-sechila-ajunge-din-nou-in-fata-anchetatorilor-fostul-luptator-in-legiunea-straina-semneaza-controlul-judiciar\/"},"modified":"2024-12-20T06:49:27","modified_gmt":"2024-12-20T06:49:27","slug":"eugen-sechila-ajunge-din-nou-in-fata-anchetatorilor-fostul-luptator-in-legiunea-straina-semneaza-controlul-judiciar","status":"publish","type":"post","link":"https:\/\/247stiri.ro\/index.php\/2024\/12\/20\/eugen-sechila-ajunge-din-nou-in-fata-anchetatorilor-fostul-luptator-in-legiunea-straina-semneaza-controlul-judiciar\/","title":{"rendered":"Eugen Sechila ajunge din nou \u00een fa\u021ba anchetatorilor. Fostul lupt\u0103tor \u00een Legiunea Str\u0103in\u0103 semneaz\u0103 controlul judiciar"},"content":{"rendered":"<p>Este a treia zi din aceast\u0103 s\u0103pt\u0103m\u00e2n\u0103 c\u00e2nd Eugen Sechila trebuie s\u0103 se prezinte la sec\u021bia de politie. <\/p>\n<p>S\u0103pt\u0103m\u00e2na trecut\u0103 acesta a fost ridicat de poli\u021bi\u0219ti \u0219i dus la Parchetul General pentru audieri, fiind acuzat c\u0103 a postat un mesaj pe TikTok \u00een care \u00eei \u00eencuraja pe cei care \u00eel sus\u021bin pe C\u0103lin Georgescu s\u0103 ias\u0103 la un mar\u0219 \u00een Pia\u021ba Victoriei. Mai mult dec\u00e2t at\u00e2t, toate acestea se \u00eent\u00e2mpl\u0103, dup\u0103 ce anchetatorii au ajuns la concluzia c\u0103 acesta vrea s\u0103 p\u0103r\u0103seasc\u0103 \u021bara.<\/p>\n<p>Potrivit surselor Realitatea Plus, ar fi vorba de o \u021bar\u0103 din Africa central\u0103. Mai mult dec\u00e2t at\u00e2t, el respinge orice acuza\u021bie care i-a fost adus\u0103 \u0219i spune c\u0103 aceast\u0103 c\u0103l\u0103torie era necesar\u0103 \u00een interes profesional.<\/p>\n<p>Acesta se afla sub control judiciar \u0219i are mai multe condi\u021bii de respectat, inclusiv cea de a veni la sec\u021bia de politie de 3 ori pe s\u0103pt\u0103m\u00e2n\u0103 \u0219i are interdic\u021bia de a p\u0103r\u0103si teritoriul Rom\u00e2niei.<\/p>","protected":false},"excerpt":{"rendered":"<p>Este a treia zi din aceast\u0103 s\u0103pt\u0103m\u00e2n\u0103 c\u00e2nd Eugen Sechila trebuie s\u0103 se prezinte la&hellip;<\/p>\n","protected":false},"author":0,"featured_media":17924,"comment_status":"open","ping_status":"open","sticky":false,"template":"","format":"standard","meta":{"footnotes":""},"categories":[2],"tags":[],"class_list":["post-17923","post","type-post","status-publish","format-standard","has-post-thumbnail","hentry","category-actual"],"_links":{"self":[{"href":"https:\/\/247stiri.ro\/index.php\/wp-json\/wp\/v2\/posts\/17923","targetHints":{"allow":["GET"]}}],"collection":[{"href":"https:\/\/247stiri.ro\/index.php\/wp-json\/wp\/v2\/posts"}],"about":[{"href":"https:\/\/247stiri.ro\/index.php\/wp-json\/wp\/v2\/types\/post"}],"replies":[{"embeddable":true,"href":"https:\/\/247stiri.ro\/index.php\/wp-json\/wp\/v2\/comments?post=17923"}],"version-history":[{"count":0,"href":"https:\/\/247stiri.ro\/index.php\/wp-json\/wp\/v2\/posts\/17923\/revisions"}],"wp:featuredmedia":[{"embeddable":true,"href":"https:\/\/247stiri.ro\/index.php\/wp-json\/wp\/v2\/media\/17924"}],"wp:attachment":[{"href":"https:\/\/247stiri.ro\/index.php\/wp-json\/wp\/v2\/media?parent=17923"}],"wp:term":[{"taxonomy":"category","embeddable":true,"href":"https:\/\/247stiri.ro\/index.php\/wp-json\/wp\/v2\/categories?post=17923"},{"taxonomy":"post_tag","embeddable":true,"href":"https:\/\/247stiri.ro\/index.php\/wp-json\/wp\/v2\/tags?post=17923"}],"curies":[{"name":"wp","href":"https:\/\/api.w.org\/{rel}","templated":true}]}}