{"id":17931,"date":"2024-12-20T07:48:34","date_gmt":"2024-12-20T07:48:34","guid":{"rendered":"https:\/\/247stiri.ro\/index.php\/2024\/12\/20\/lasconi-pune-conditii-pentru-a-prelua-guvernarea-o-noua-runda-de-negocieri-va-avea-loc-astazi-ce-vrea-liderul-usr\/"},"modified":"2024-12-20T07:48:34","modified_gmt":"2024-12-20T07:48:34","slug":"lasconi-pune-conditii-pentru-a-prelua-guvernarea-o-noua-runda-de-negocieri-va-avea-loc-astazi-ce-vrea-liderul-usr","status":"publish","type":"post","link":"https:\/\/247stiri.ro\/index.php\/2024\/12\/20\/lasconi-pune-conditii-pentru-a-prelua-guvernarea-o-noua-runda-de-negocieri-va-avea-loc-astazi-ce-vrea-liderul-usr\/","title":{"rendered":"Lasconi pune CONDI\u021aII pentru a prelua guvernarea. O nou\u0103 rund\u0103 de NEGOCIERI va avea loc ast\u0103zi: ce vrea liderul USR"},"content":{"rendered":"<p>\u00centr-o postare f\u0103cut\u0103 pe Facebook joi dup\u0103-amiaz\u0103, dup\u0103 ce negocierile au e\u0219uat, Elena Lasconi atr\u0103gea aten\u021bia c\u0103 Rom\u00e2nia &#8222;se afl\u0103 pe marginea p\u0103pastie&#8221;. Nu ar spune &#8222;nu&#8221; intr\u0103rii la guvernare, \u00eens\u0103 aceasta vrea s\u0103 \u0219tie exact cifrele reale \u0219i arat\u0103 cu degetul spre premieul Marcel Ciolacu care, spune ea, nu a venit p\u00e2n\u0103 \u00een momentul de fa\u021b\u0103 cu aceste date.\u00a0<\/p>\n<p>De asemenea, liderul USR spune c\u0103 ar trebui f\u0103cute reforme \u00een primul r\u00e2nd \u00een aparatul bugetar \u0219i apoi \u00een cel de Justi\u021bie pentru c\u0103 numai a\u0219a Rom\u00e2nia se mai poate face bine.\u00a0<\/p>\n\n<p>Ast\u0103zi negocierile vor continua \u0219i este de a\u0219teptat ca aceste propuneri s\u0103 ajung\u0103 direct pe masa celor care vor s\u0103 alc\u0103tuiasc\u0103 un guvern pro european.\u00a0<\/p>","protected":false},"excerpt":{"rendered":"<p>\u00centr-o postare f\u0103cut\u0103 pe Facebook joi dup\u0103-amiaz\u0103, dup\u0103 ce negocierile au e\u0219uat, Elena Lasconi atr\u0103gea&hellip;<\/p>\n","protected":false},"author":0,"featured_media":17932,"comment_status":"open","ping_status":"open","sticky":false,"template":"","format":"standard","meta":{"footnotes":""},"categories":[3],"tags":[],"class_list":["post-17931","post","type-post","status-publish","format-standard","has-post-thumbnail","hentry","category-politica"],"_links":{"self":[{"href":"https:\/\/247stiri.ro\/index.php\/wp-json\/wp\/v2\/posts\/17931","targetHints":{"allow":["GET"]}}],"collection":[{"href":"https:\/\/247stiri.ro\/index.php\/wp-json\/wp\/v2\/posts"}],"about":[{"href":"https:\/\/247stiri.ro\/index.php\/wp-json\/wp\/v2\/types\/post"}],"replies":[{"embeddable":true,"href":"https:\/\/247stiri.ro\/index.php\/wp-json\/wp\/v2\/comments?post=17931"}],"version-history":[{"count":0,"href":"https:\/\/247stiri.ro\/index.php\/wp-json\/wp\/v2\/posts\/17931\/revisions"}],"wp:featuredmedia":[{"embeddable":true,"href":"https:\/\/247stiri.ro\/index.php\/wp-json\/wp\/v2\/media\/17932"}],"wp:attachment":[{"href":"https:\/\/247stiri.ro\/index.php\/wp-json\/wp\/v2\/media?parent=17931"}],"wp:term":[{"taxonomy":"category","embeddable":true,"href":"https:\/\/247stiri.ro\/index.php\/wp-json\/wp\/v2\/categories?post=17931"},{"taxonomy":"post_tag","embeddable":true,"href":"https:\/\/247stiri.ro\/index.php\/wp-json\/wp\/v2\/tags?post=17931"}],"curies":[{"name":"wp","href":"https:\/\/api.w.org\/{rel}","templated":true}]}}