{"id":17958,"date":"2024-12-20T09:46:41","date_gmt":"2024-12-20T09:46:41","guid":{"rendered":"https:\/\/247stiri.ro\/index.php\/2024\/12\/20\/surse-psd-si-pnl-ar-putea-sta-din-nou-la-masa-cum-va-arata-noua-majoritate-noile-scenarii\/"},"modified":"2024-12-20T09:46:41","modified_gmt":"2024-12-20T09:46:41","slug":"surse-psd-si-pnl-ar-putea-sta-din-nou-la-masa-cum-va-arata-noua-majoritate-noile-scenarii","status":"publish","type":"post","link":"https:\/\/247stiri.ro\/index.php\/2024\/12\/20\/surse-psd-si-pnl-ar-putea-sta-din-nou-la-masa-cum-va-arata-noua-majoritate-noile-scenarii\/","title":{"rendered":"SURSE: PSD \u0219i PNL ar putea sta din nou la mas\u0103. Cum va ar\u0103ta noua MAJORITATE: noile SCENARII"},"content":{"rendered":"<p>Conform informa\u021biilor ob\u021binute de Realitatea PLUS, sunt \u0219anse destul de mari ca p\u00e2n\u0103 la urm\u0103 s\u0103 se a\u0219eze din nou la aceea\u0219i mas\u0103 cei din PNL, PSD, UDMR \u0219i poate chiar \u0219i USR.\u00a0<\/p>\n<p>Ceva mai devreme, chiar unul dintre liderii UDMR Tanczos\u00a0Barna spune c\u0103 dup\u0103 toate discu\u021biile \u0219i sedin\u021bele paralele de joi sunt \u0219anse foarte mari ca liderii s\u0103 se fi trezit cu alt\u0103 atitudine, ceva mai pozitiv\u0103 \u0219i s\u0103 se rea\u0219eze la masa discu\u021biilor pentru a lua \u00een cele din urm\u0103 o decizie. Acesta spunea, totodat\u0103, c\u0103 s-a lucrat la un program de guvernare comun joi, \u00een ciuda tuturor divergen\u021belor \u0219i c\u0103 cel mai probabil vom vedea ast\u0103zi o revenire a coali\u021biei care s-a discutat p\u00e2n\u0103 \u00een momentul de fa\u021b\u0103.\u00a0<\/p>\n<p>De partea cealalt\u0103, cei din USR sus\u021bin \u00een continuare c\u0103 ar fi dispu\u0219i s\u0103 se a\u0219eze din nou la masa negocierilor doar dac\u0103 s-ar \u021bine cont de cele 8 solicit\u0103ri pe care le-au l\u0103sat pe masa coali\u021biei la ultima \u0219edin\u021b\u0103 la care au participat, mai arat\u0103 sursele citate.\u00a0<\/p>\n<p>De asemenea, avem informa\u021bii din \u0219edin\u021ba liberalilor de joi, care au stabilit &#8211; printre altele, s\u0103 \u00eencerce s\u0103 reia aceste discu\u021bii cu PSD. \u0218edin\u021ba PNL a avut loc dup\u0103 ce Ilie Bolojan s-a \u00eent\u00e2lnit cu Marcel Ciolac, iar cei doi lideri au stat pu\u021bin de vorb\u0103, deci este posibil ca acesta s\u0103 fie mai mult dec\u00e2t o p\u0103rere doar a liberalilor.\u00a0<\/p>\n<p>De altfel, surse din PSD confirmau c\u0103 exist\u0103 posibilitatea ca negocierile s\u0103 se reia \u00een cele din urm\u0103.\u00a0<\/p>\n<p>Spunea ceva mai devreme Tanczos Barna c\u0103 p\u00e2n\u0103 luni am putea s\u0103 avem chiar un nou guvern, ideal, cu toate cele 4 partide. Dac\u0103 nu, PSD, PNL \u0219i UDMR ar r\u0103m\u00e2ne \u00een continuare la guvernare.\u00a0<\/p>\n<p>Sursele Realitatea PLUS spun, totodat\u0103, c\u0103 liberalii au decis, printre altele, joi seara, \u0219i o variant\u0103 de preziden\u021biabil comun\u00a0 pe care s\u0103 o propun\u0103 \u00een discu\u021biile de ast\u0103zi. Crin Antonescu ar fi aceast\u0103 variant\u0103, iar surse din PSD spuneau joi c\u0103 ar fi o variant\u0103 bun\u0103, care ar lua totu\u0219i din electoratele ambelor partide \u0219i ar putea fi o variant\u0103 discutat\u0103 ast\u0103zi.\u00a0<\/p>\n<p>Ce mai trebuie discutat ast\u0103zi &#8211; dac\u0103 se vor vedea liderii, a\u0219a cum pe surse afl\u0103m momentan &#8211; este se asume \u0219i o variant\u0103 de premier care s\u0103 \u00ee\u0219i asume toate m\u0103surile importante care trebuie luate la finalul acestui an \u0219i la \u00eenceputul anului viitor.<\/p>\n<p>Momentan, a\u0219tept\u0103m s\u0103 vedem dac\u0103 se va stabili \u0219i o or\u0103 pentru aceast\u0103 \u00eent\u00e2lnire \u0219i dac\u0103 ea va avea loc \u00eentr-adev\u0103r ast\u0103zi.\u00a0<\/p>","protected":false},"excerpt":{"rendered":"<p>Conform informa\u021biilor ob\u021binute de Realitatea PLUS, sunt \u0219anse destul de mari ca p\u00e2n\u0103 la urm\u0103&hellip;<\/p>\n","protected":false},"author":0,"featured_media":17959,"comment_status":"open","ping_status":"open","sticky":false,"template":"","format":"standard","meta":{"footnotes":""},"categories":[3],"tags":[],"class_list":["post-17958","post","type-post","status-publish","format-standard","has-post-thumbnail","hentry","category-politica"],"_links":{"self":[{"href":"https:\/\/247stiri.ro\/index.php\/wp-json\/wp\/v2\/posts\/17958","targetHints":{"allow":["GET"]}}],"collection":[{"href":"https:\/\/247stiri.ro\/index.php\/wp-json\/wp\/v2\/posts"}],"about":[{"href":"https:\/\/247stiri.ro\/index.php\/wp-json\/wp\/v2\/types\/post"}],"replies":[{"embeddable":true,"href":"https:\/\/247stiri.ro\/index.php\/wp-json\/wp\/v2\/comments?post=17958"}],"version-history":[{"count":0,"href":"https:\/\/247stiri.ro\/index.php\/wp-json\/wp\/v2\/posts\/17958\/revisions"}],"wp:featuredmedia":[{"embeddable":true,"href":"https:\/\/247stiri.ro\/index.php\/wp-json\/wp\/v2\/media\/17959"}],"wp:attachment":[{"href":"https:\/\/247stiri.ro\/index.php\/wp-json\/wp\/v2\/media?parent=17958"}],"wp:term":[{"taxonomy":"category","embeddable":true,"href":"https:\/\/247stiri.ro\/index.php\/wp-json\/wp\/v2\/categories?post=17958"},{"taxonomy":"post_tag","embeddable":true,"href":"https:\/\/247stiri.ro\/index.php\/wp-json\/wp\/v2\/tags?post=17958"}],"curies":[{"name":"wp","href":"https:\/\/api.w.org\/{rel}","templated":true}]}}