{"id":17994,"date":"2024-12-20T11:46:37","date_gmt":"2024-12-20T11:46:37","guid":{"rendered":"https:\/\/247stiri.ro\/index.php\/2024\/12\/20\/3-persoane-arestate-preventiv-pentru-tentativa-de-omor-dupa-ce-au-batut-o-tanara-femeia-a-fost-lovita-cu-bestialitate-in-cap-si-pe-corp\/"},"modified":"2024-12-20T11:46:37","modified_gmt":"2024-12-20T11:46:37","slug":"3-persoane-arestate-preventiv-pentru-tentativa-de-omor-dupa-ce-au-batut-o-tanara-femeia-a-fost-lovita-cu-bestialitate-in-cap-si-pe-corp","status":"publish","type":"post","link":"https:\/\/247stiri.ro\/index.php\/2024\/12\/20\/3-persoane-arestate-preventiv-pentru-tentativa-de-omor-dupa-ce-au-batut-o-tanara-femeia-a-fost-lovita-cu-bestialitate-in-cap-si-pe-corp\/","title":{"rendered":"3 persoane, arestate preventiv pentru tentativ\u0103 de OMOR dup\u0103 ce au b\u0103tut o t\u00e2n\u0103r\u0103. Femeia a fost lovit\u0103 cu bestialitate \u00een cap \u0219i pe corp"},"content":{"rendered":"<p>&#8222;La data de 18 decembrie a.c., poli\u0163i\u015ftii din cadrul Sec\u0163iei nr.8 Poli\u0163ie Rural\u0103 Rast au fost sesiza\u0163i cu privire la faptul c\u0103, pe o strad\u0103 din comuna Urzicu\u0163a, o femeie ar fi fost agresat\u0103 fizic de mai multe persoane. Poli\u0163i\u015ftii deplasa\u0163i la fa\u0163a locului au identificat persoana v\u0103t\u0103mat\u0103, o t\u00e2n\u0103r\u0103 de 31 de ani, din localitate, aceasta solicit\u00e2nd \u00eengrijiri medicale, motiv pentru care a fost transportat\u0103 la o unitate medical\u0103. \u00centruc\u00e2t prezumtivii autori nu au mai fost g\u0103si\u0163i la fa\u0163a locului, la nivelul Inspectoratului de Poli\u0163ie Jude\u0163ean Dolj au fost dispuse m\u0103suri specifice pentru identificare \u015fi prindere, ace\u015ftia fiind opri\u0163i \u00een trafic, \u00een municipiul Craiova, iar ulterior condu\u015fi la audieri&#8221;, a transmis, vineri, IPJ Dolj \u00eentr-un comunicat.\u00cen urma concluziilor preliminare medico-legale, obiectele vulnerante folosite, precum \u015fi zona anatomic\u0103 vital\u0103 vizat\u0103, cercet\u0103rile au fost preluate de un procuror criminalist din cadrul Parchetului de pe l\u00e2ng\u0103 Tribunalul Dolj.&#8221;Din cercet\u0103rile efectuate s-a stabilit c\u0103 \u00een cursul zilei de 18 decembrie a.c., \u00een jurul orei 11.30, pe fondul unui conflict preexistent, persoana v\u0103t\u0103mat\u0103 ar fi fost lovit\u0103 \u00een repetate r\u00e2nduri, peste corp \u015fi cap, cu obiecte contondente \u015fi t\u0103ietor-\u00een\u0163ep\u0103toare, de c\u0103tre dou\u0103 femei de 32 \u015fi 34 de ani \u015fi un t\u00e2n\u0103r de 17 ani, to\u0163i din comuna Urzicu\u0163a. \u00cen urma cercet\u0103rilor efectuate \u015fi a probatoriului administrat, procurorul de caz din cadrul Parchetului de pe l\u00e2ng\u0103 Tribunalul Dolj a dispus re\u0163inerea celor trei, pentru 24 de ore, sub aspectul s\u0103v\u00e2r\u015firii infrac\u0163iunii de tentativ\u0103 la omor, fiind introdu\u015fi \u00een Centrul de Re\u0163inere \u015fi Arestare Preventiv\u0103 din cadrul Inspectoratului de Poli\u0163ie Jude\u0163ean Dolj. Ulterior, cei \u00een cauz\u0103 au fost prezenta\u0163i judec\u0103torului de drepturi \u015fi libert\u0103\u0163i din cadrul Tribunalului Dolj, care a dispus arestarea preventiv\u0103 a acestora pentru o perioad\u0103 de 30 de zile&#8221;, se mai arat\u0103 \u00een comunicatul citat.\u00a0<\/p>","protected":false},"excerpt":{"rendered":"<p>&#8222;La data de 18 decembrie a.c., poli\u0163i\u015ftii din cadrul Sec\u0163iei nr.8 Poli\u0163ie Rural\u0103 Rast au&hellip;<\/p>\n","protected":false},"author":0,"featured_media":17995,"comment_status":"open","ping_status":"open","sticky":false,"template":"","format":"standard","meta":{"footnotes":""},"categories":[2],"tags":[],"class_list":["post-17994","post","type-post","status-publish","format-standard","has-post-thumbnail","hentry","category-actual"],"_links":{"self":[{"href":"https:\/\/247stiri.ro\/index.php\/wp-json\/wp\/v2\/posts\/17994","targetHints":{"allow":["GET"]}}],"collection":[{"href":"https:\/\/247stiri.ro\/index.php\/wp-json\/wp\/v2\/posts"}],"about":[{"href":"https:\/\/247stiri.ro\/index.php\/wp-json\/wp\/v2\/types\/post"}],"replies":[{"embeddable":true,"href":"https:\/\/247stiri.ro\/index.php\/wp-json\/wp\/v2\/comments?post=17994"}],"version-history":[{"count":0,"href":"https:\/\/247stiri.ro\/index.php\/wp-json\/wp\/v2\/posts\/17994\/revisions"}],"wp:featuredmedia":[{"embeddable":true,"href":"https:\/\/247stiri.ro\/index.php\/wp-json\/wp\/v2\/media\/17995"}],"wp:attachment":[{"href":"https:\/\/247stiri.ro\/index.php\/wp-json\/wp\/v2\/media?parent=17994"}],"wp:term":[{"taxonomy":"category","embeddable":true,"href":"https:\/\/247stiri.ro\/index.php\/wp-json\/wp\/v2\/categories?post=17994"},{"taxonomy":"post_tag","embeddable":true,"href":"https:\/\/247stiri.ro\/index.php\/wp-json\/wp\/v2\/tags?post=17994"}],"curies":[{"name":"wp","href":"https:\/\/api.w.org\/{rel}","templated":true}]}}