{"id":18009,"date":"2024-12-20T12:44:56","date_gmt":"2024-12-20T12:44:56","guid":{"rendered":"https:\/\/247stiri.ro\/index.php\/2024\/12\/20\/un-copil-de-7-ani-a-murit-si-o-invatatoare-a-fost-ranita-in-urma-unui-atac-cu-cutitul-la-o-scoala-din-zagreb\/"},"modified":"2024-12-20T12:44:56","modified_gmt":"2024-12-20T12:44:56","slug":"un-copil-de-7-ani-a-murit-si-o-invatatoare-a-fost-ranita-in-urma-unui-atac-cu-cutitul-la-o-scoala-din-zagreb","status":"publish","type":"post","link":"https:\/\/247stiri.ro\/index.php\/2024\/12\/20\/un-copil-de-7-ani-a-murit-si-o-invatatoare-a-fost-ranita-in-urma-unui-atac-cu-cutitul-la-o-scoala-din-zagreb\/","title":{"rendered":"Un copil de 7 ani a MURIT \u0219i o \u00eenv\u0103\u021b\u0103toare a fost r\u0103nit\u0103 \u00een urma unui ATAC CU CU\u021aITUL la o \u0219coal\u0103 din Zagreb"},"content":{"rendered":"<p>Ministerul croat al S\u0103n\u0103t\u0103\u0163ii a confirmat c\u0103 opt persoane au fost r\u0103nite \u00een atac, dintre care unul, un copil, a murit, r\u0103ni\u0163ii fiind transporta\u0163i la diferite spitale din Zagreb.<\/p>\n<p>Conform poli\u021biei, incidentul s-a petrecut vineri, \u00een jurul orei locale 9.50. Un t\u00e2n\u0103r a atacat cu un obiect ascu\u0163it o \u00eenv\u0103\u0163\u0103toare \u015fi mai mul\u0163i elevi la \u015fcoala din cartierul croat Preciko. Atacatorul a fost re\u0163inut, a men\u0163ionat poli\u0163ia.<\/p>\n<p>Premierul Andrej Plenkovic s-a declarat \u015focat de cele \u00eent\u00e2mplate \u015fi a transmis condolean\u0163e \u015fi compasiunea sa familiilor victimelor.<\/p>\n<p>Media croate au relatat anterior c\u0103 atacatorul ar fi fost un elev al \u015fcolii.<\/p>","protected":false},"excerpt":{"rendered":"<p>Ministerul croat al S\u0103n\u0103t\u0103\u0163ii a confirmat c\u0103 opt persoane au fost r\u0103nite \u00een atac, dintre&hellip;<\/p>\n","protected":false},"author":0,"featured_media":18007,"comment_status":"open","ping_status":"open","sticky":false,"template":"","format":"standard","meta":{"footnotes":""},"categories":[2],"tags":[],"class_list":["post-18009","post","type-post","status-publish","format-standard","has-post-thumbnail","hentry","category-actual"],"_links":{"self":[{"href":"https:\/\/247stiri.ro\/index.php\/wp-json\/wp\/v2\/posts\/18009","targetHints":{"allow":["GET"]}}],"collection":[{"href":"https:\/\/247stiri.ro\/index.php\/wp-json\/wp\/v2\/posts"}],"about":[{"href":"https:\/\/247stiri.ro\/index.php\/wp-json\/wp\/v2\/types\/post"}],"replies":[{"embeddable":true,"href":"https:\/\/247stiri.ro\/index.php\/wp-json\/wp\/v2\/comments?post=18009"}],"version-history":[{"count":0,"href":"https:\/\/247stiri.ro\/index.php\/wp-json\/wp\/v2\/posts\/18009\/revisions"}],"wp:featuredmedia":[{"embeddable":true,"href":"https:\/\/247stiri.ro\/index.php\/wp-json\/wp\/v2\/media\/18007"}],"wp:attachment":[{"href":"https:\/\/247stiri.ro\/index.php\/wp-json\/wp\/v2\/media?parent=18009"}],"wp:term":[{"taxonomy":"category","embeddable":true,"href":"https:\/\/247stiri.ro\/index.php\/wp-json\/wp\/v2\/categories?post=18009"},{"taxonomy":"post_tag","embeddable":true,"href":"https:\/\/247stiri.ro\/index.php\/wp-json\/wp\/v2\/tags?post=18009"}],"curies":[{"name":"wp","href":"https:\/\/api.w.org\/{rel}","templated":true}]}}