{"id":18015,"date":"2024-12-20T12:44:57","date_gmt":"2024-12-20T12:44:57","guid":{"rendered":"https:\/\/247stiri.ro\/index.php\/2024\/12\/20\/copii-de-1-an-si-3-ani-la-spital-cu-arsuri-grave-pe-fata-si-membre-dupa-ce-mama-lor-a-incercat-sa-aprinda-focul-in-soba-cu-benzina\/"},"modified":"2024-12-20T12:44:57","modified_gmt":"2024-12-20T12:44:57","slug":"copii-de-1-an-si-3-ani-la-spital-cu-arsuri-grave-pe-fata-si-membre-dupa-ce-mama-lor-a-incercat-sa-aprinda-focul-in-soba-cu-benzina","status":"publish","type":"post","link":"https:\/\/247stiri.ro\/index.php\/2024\/12\/20\/copii-de-1-an-si-3-ani-la-spital-cu-arsuri-grave-pe-fata-si-membre-dupa-ce-mama-lor-a-incercat-sa-aprinda-focul-in-soba-cu-benzina\/","title":{"rendered":"Copii de 1 an \u0219i 3 ani, la spital cu arsuri grave pe fa\u021b\u0103 \u0219i membre, dup\u0103 ce mama lor a \u00eencercat s\u0103 aprind\u0103 focul \u00een sob\u0103 cu BENZIN\u0102"},"content":{"rendered":"<p>Reprezentan\u0163ii Serviciului de Ambulan\u0163\u0103 Jude\u0163ean Sibiu au anun\u0163at c\u0103 un echipaj de tip B a intervenit, vineri, \u00een localitatea Marpod, la o ferm\u0103, pentru doi copii, o fat\u0103 de 3 ani \u015fi un b\u0103iat de un an, care au suferit arsuri ale fe\u0163ei \u015fi membrelor superioare \u015fi inferioare.<\/p>\n<p>Echipajul SAJ a acordat asisten\u0163\u0103 medical\u0103 fetei \u015fi a transportat-o la CPU Luther. La r\u00e2ndul s\u0103u, b\u0103ie\u0163elul a fost transportat de urgen\u0163\u0103 de c\u0103tre un echipaj SMURD cu medic la CPU Luther.<\/p>\n<p>\u201e\u00cen jurul orei 11.00, prin apel 112, un b\u0103rbat a sesizat faptul c\u0103 doi copii au suferit arsuri \u00een timp ce se aflau \u00eentr-un imobil de pe raza localit\u0103\u021bii Marpod. Din primele verific\u0103ri efectuate a rezultat c\u0103, \u00een jurul orei 10.55, o femeie ar fi \u00eencercat s\u0103 aprind\u0103 focul \u00eentr-o sob\u0103, \u00een timp ce \u00ee\u0219i \u021binea \u00een bra\u021be fiul, \u00een v\u00e2rst\u0103 de 1 an, \u00een apropiere afl\u00e2ndu-se \u0219i fiica ei, \u00een v\u00e2rst\u0103 de 3 ani. \u00cen urma utiliz\u0103rii necorespunz\u0103toare de c\u0103tre femeie a materialelor combustibile (benzin\u0103), s-a produs o deflagra\u021bie care a cauzat v\u0103t\u0103marea corporal\u0103 a celor doi copii\u201d, spune Elena Welter, purt\u0103torul de cuv\u00e2nt al IPJ Sibiu.<\/p>\n<p>Poli\u021bi\u0219tii Sec\u021biei de Poli\u021bie Rural\u0103 Agnita efectueaz\u0103 cercet\u0103ri \u00een cadrul unui dosar penal care vizeaz\u0103 s\u0103v\u00e2r\u0219irea infrac\u021biunii de v\u0103t\u0103mare corporal\u0103 din culp\u0103. Cercet\u0103rile sunt continuate \u00een vederea stabilirii tuturor circumstan\u021belor producerii incidentului.<\/p>","protected":false},"excerpt":{"rendered":"<p>Reprezentan\u0163ii Serviciului de Ambulan\u0163\u0103 Jude\u0163ean Sibiu au anun\u0163at c\u0103 un echipaj de tip B a&hellip;<\/p>\n","protected":false},"author":0,"featured_media":18016,"comment_status":"open","ping_status":"open","sticky":false,"template":"","format":"standard","meta":{"footnotes":""},"categories":[2],"tags":[],"class_list":["post-18015","post","type-post","status-publish","format-standard","has-post-thumbnail","hentry","category-actual"],"_links":{"self":[{"href":"https:\/\/247stiri.ro\/index.php\/wp-json\/wp\/v2\/posts\/18015","targetHints":{"allow":["GET"]}}],"collection":[{"href":"https:\/\/247stiri.ro\/index.php\/wp-json\/wp\/v2\/posts"}],"about":[{"href":"https:\/\/247stiri.ro\/index.php\/wp-json\/wp\/v2\/types\/post"}],"replies":[{"embeddable":true,"href":"https:\/\/247stiri.ro\/index.php\/wp-json\/wp\/v2\/comments?post=18015"}],"version-history":[{"count":0,"href":"https:\/\/247stiri.ro\/index.php\/wp-json\/wp\/v2\/posts\/18015\/revisions"}],"wp:featuredmedia":[{"embeddable":true,"href":"https:\/\/247stiri.ro\/index.php\/wp-json\/wp\/v2\/media\/18016"}],"wp:attachment":[{"href":"https:\/\/247stiri.ro\/index.php\/wp-json\/wp\/v2\/media?parent=18015"}],"wp:term":[{"taxonomy":"category","embeddable":true,"href":"https:\/\/247stiri.ro\/index.php\/wp-json\/wp\/v2\/categories?post=18015"},{"taxonomy":"post_tag","embeddable":true,"href":"https:\/\/247stiri.ro\/index.php\/wp-json\/wp\/v2\/tags?post=18015"}],"curies":[{"name":"wp","href":"https:\/\/api.w.org\/{rel}","templated":true}]}}