{"id":18029,"date":"2024-12-20T13:48:44","date_gmt":"2024-12-20T13:48:44","guid":{"rendered":"https:\/\/247stiri.ro\/index.php\/2024\/12\/20\/doi-barbati-retinuti-dupa-ce-au-sechestrat-o-tanara-pe-care-o-chemasera-pentru-a-intretine-relatii-sexuale\/"},"modified":"2024-12-20T13:48:44","modified_gmt":"2024-12-20T13:48:44","slug":"doi-barbati-retinuti-dupa-ce-au-sechestrat-o-tanara-pe-care-o-chemasera-pentru-a-intretine-relatii-sexuale","status":"publish","type":"post","link":"https:\/\/247stiri.ro\/index.php\/2024\/12\/20\/doi-barbati-retinuti-dupa-ce-au-sechestrat-o-tanara-pe-care-o-chemasera-pentru-a-intretine-relatii-sexuale\/","title":{"rendered":"Doi b\u0103rba\u0163i, re\u0163inu\u0163i dup\u0103 ce au sechestrat o t\u00e2n\u0103r\u0103 pe care o chemaser\u0103 pentru a \u00eentre\u021bine rela\u021bii sexuale"},"content":{"rendered":"<p>\u201dDin cercet\u0103rile efectuate de poli\u0163i\u015fti a reie\u015fit faptul c\u0103, la data de 18 decembrie a.c., \u00een timp ce t\u00e2n\u0103rul de 20 de ani se afla la locuin\u0163a unchiului s\u0103u, de 48 de ani, ar fi invitat la acest imobil o t\u00e2n\u0103r\u0103 de 18 ani, din municipiul Motru, \u00een scopul de a \u00eentre\u0163ine rela\u0163ii sexuale contra unei sume de bani. Ulterior, b\u0103rbatul de 48 de ani \u015fi-a manifestat \u015fi el dorin\u0163a de a \u00eentre\u0163ine rela\u0163ii intime cu t\u00e2n\u0103ra, \u00eens\u0103 aceasta nu a dorit. Av\u00e2nd \u00een vedere refuzul, cei doi ar fi lipsit-o de libertate pe aceasta, \u0163in\u00e2nd-o \u00eempotriva voin\u0163ei sale, \u00een locuin\u0163\u0103, pentru a o convinge s\u0103 \u00eentre\u0163in\u0103 rela\u0163ii sexuale\u201d, au transmis reprezentan\u021bii IPJ Gorj.\u00a0Conform sursei citate, t\u00e2n\u0103ra ar fi sunat un cunoscut pentru a-i cere ajutorul. Acesta a reu\u0219it s\u0103 o scoat\u0103 pe fat\u0103 din imobil, \u00een urma unei alterca\u0163ii cu b\u0103rbatul de 48 de ani.\u00a0\u00cen cursul cercet\u0103rilor s-a dispus examinarea medico-legal\u0103 a celor implica\u0163i, totodat\u0103 fiind efectuat\u0103 \u015fi cercetarea locului faptei.\u00a0\u00a0Poli\u0163i\u015ftii continu\u0103 cercet\u0103rile sub supravegherea unui procuror din cadrul Parchetului de pe l\u00e2ng\u0103 Judec\u0103toria Motru.<\/p>","protected":false},"excerpt":{"rendered":"<p>\u201dDin cercet\u0103rile efectuate de poli\u0163i\u015fti a reie\u015fit faptul c\u0103, la data de 18 decembrie a.c.,&hellip;<\/p>\n","protected":false},"author":0,"featured_media":18030,"comment_status":"open","ping_status":"open","sticky":false,"template":"","format":"standard","meta":{"footnotes":""},"categories":[2],"tags":[],"class_list":["post-18029","post","type-post","status-publish","format-standard","has-post-thumbnail","hentry","category-actual"],"_links":{"self":[{"href":"https:\/\/247stiri.ro\/index.php\/wp-json\/wp\/v2\/posts\/18029","targetHints":{"allow":["GET"]}}],"collection":[{"href":"https:\/\/247stiri.ro\/index.php\/wp-json\/wp\/v2\/posts"}],"about":[{"href":"https:\/\/247stiri.ro\/index.php\/wp-json\/wp\/v2\/types\/post"}],"replies":[{"embeddable":true,"href":"https:\/\/247stiri.ro\/index.php\/wp-json\/wp\/v2\/comments?post=18029"}],"version-history":[{"count":0,"href":"https:\/\/247stiri.ro\/index.php\/wp-json\/wp\/v2\/posts\/18029\/revisions"}],"wp:featuredmedia":[{"embeddable":true,"href":"https:\/\/247stiri.ro\/index.php\/wp-json\/wp\/v2\/media\/18030"}],"wp:attachment":[{"href":"https:\/\/247stiri.ro\/index.php\/wp-json\/wp\/v2\/media?parent=18029"}],"wp:term":[{"taxonomy":"category","embeddable":true,"href":"https:\/\/247stiri.ro\/index.php\/wp-json\/wp\/v2\/categories?post=18029"},{"taxonomy":"post_tag","embeddable":true,"href":"https:\/\/247stiri.ro\/index.php\/wp-json\/wp\/v2\/tags?post=18029"}],"curies":[{"name":"wp","href":"https:\/\/api.w.org\/{rel}","templated":true}]}}