{"id":18054,"date":"2024-12-20T14:47:47","date_gmt":"2024-12-20T14:47:47","guid":{"rendered":"https:\/\/247stiri.ro\/index.php\/2024\/12\/20\/vlad-pascu-soferul-drogat-care-a-omorat-doi-tineri-in-statiunea-2-mai-ramane-in-arest-preventiv-de-sarbatori\/"},"modified":"2024-12-20T14:47:47","modified_gmt":"2024-12-20T14:47:47","slug":"vlad-pascu-soferul-drogat-care-a-omorat-doi-tineri-in-statiunea-2-mai-ramane-in-arest-preventiv-de-sarbatori","status":"publish","type":"post","link":"https:\/\/247stiri.ro\/index.php\/2024\/12\/20\/vlad-pascu-soferul-drogat-care-a-omorat-doi-tineri-in-statiunea-2-mai-ramane-in-arest-preventiv-de-sarbatori\/","title":{"rendered":"Vlad Pascu, \u0219oferul drogat care a omor\u00e2t doi tineri \u00een sta\u021biunea 2 Mai, r\u0103m\u00e2ne \u00een arest preventiv de s\u0103rb\u0103tori!"},"content":{"rendered":"<p>Judec\u0103toria Mangalia a pus \u00een discu\u0163ie vineri, 20 decembrie, m\u0103sura arestului preventiv \u00een cazul lui Vlad Pascu.<\/p>\n<p>\u201d\u00cen baza art. 362 alin. 2 Cod procedur\u0103 penal\u0103 raportat la art. 208 alin. 4 Cod procedur\u0103 penal\u0103, constat\u0103 legalitatea \u015fi temeinicia m\u0103surii arest\u0103rii preventive dispuse fa\u0163\u0103 de inculpatul Pascu Matei-Vlad, f\u0103r\u0103 antecedente penale, cercetat \u00een stare de arest preventiv pentru s\u0103v\u00e2r\u015firea infrac\u0163iunilor de ucidere din culp\u0103, v\u0103t\u0103mare corporal\u0103 din culp\u0103, conducerea unui vehicul sub influen\u0163a alcoolului sau a altor substan\u0163e \u015fi p\u0103r\u0103sirea locului accidentului. (&#8230;) Men\u0163ine m\u0103sura arest\u0103rii preventive fa\u0163\u0103 de inculpatul Pascu Matei-Vlad, cu datele de mai sus, pe o durat\u0103 de 60 de zile, de la data de 20.12.2024 p\u00e2n\u0103 la data de 17.02.2025 inclusiv\u201d, se arat\u0103 \u00een minuta instan\u0163ei.<\/p>\n<p>Instan\u0163a a respins ca ne\u00eentemeiate cererile avoca\u0163ilor lui Vlad Pascu privind \u00eenlocuirea arestului preventiv cu arestul la domiciliu.<\/p>\n<p>Decizia nu este definitiv\u0103 \u015fi poate fi contestat\u0103 \u00een termen de 48 de ore de la pronun\u0163are.<\/p>\n<p>\u00cen 19 august 2023, Vlad Pascu a condus un autoturism pe DN 39, iar \u00een jurul orei 5.25, \u00een apropiere de 2 Mai, a intrat \u00eentr-un grup de pietoni. \u00cen urma impactului, doi tineri \u015fi-au pierdut via\u0163a \u015fi al\u0163i trei au fost r\u0103ni\u0163i.<\/p>\n<p>Vlad Pascu a fugit de la locul accidentului \u015fi a fost g\u0103sit apoi de poli\u0163i\u015fti \u00een Vama Veche. Anchetatorii au stabilit c\u0103 el se afla sub influen\u0163a mai multor substan\u0163e interzise, printre care cocain\u0103, amfetamin\u0103 \u015fi metamfetamin\u0103.<\/p>\n<p>Vlad Pascu a fost trimis \u00een judecat\u0103, \u00een luna octombrie 2023, pentru ucidere din culp\u0103, v\u0103t\u0103mare corporal\u0103 din culp\u0103, p\u0103r\u0103sirea locului accidentului \u015fi conducerea unui vehicul sub influen\u0163a substan\u0163elor psihoactive.<\/p>\n<p>Pascu se afl\u0103 \u00een arest preventiv din 20 august 2023.<\/p>\n<p>\u00a0<\/p>","protected":false},"excerpt":{"rendered":"<p>Judec\u0103toria Mangalia a pus \u00een discu\u0163ie vineri, 20 decembrie, m\u0103sura arestului preventiv \u00een cazul lui&hellip;<\/p>\n","protected":false},"author":0,"featured_media":18055,"comment_status":"open","ping_status":"open","sticky":false,"template":"","format":"standard","meta":{"footnotes":""},"categories":[2],"tags":[],"class_list":["post-18054","post","type-post","status-publish","format-standard","has-post-thumbnail","hentry","category-actual"],"_links":{"self":[{"href":"https:\/\/247stiri.ro\/index.php\/wp-json\/wp\/v2\/posts\/18054","targetHints":{"allow":["GET"]}}],"collection":[{"href":"https:\/\/247stiri.ro\/index.php\/wp-json\/wp\/v2\/posts"}],"about":[{"href":"https:\/\/247stiri.ro\/index.php\/wp-json\/wp\/v2\/types\/post"}],"replies":[{"embeddable":true,"href":"https:\/\/247stiri.ro\/index.php\/wp-json\/wp\/v2\/comments?post=18054"}],"version-history":[{"count":0,"href":"https:\/\/247stiri.ro\/index.php\/wp-json\/wp\/v2\/posts\/18054\/revisions"}],"wp:featuredmedia":[{"embeddable":true,"href":"https:\/\/247stiri.ro\/index.php\/wp-json\/wp\/v2\/media\/18055"}],"wp:attachment":[{"href":"https:\/\/247stiri.ro\/index.php\/wp-json\/wp\/v2\/media?parent=18054"}],"wp:term":[{"taxonomy":"category","embeddable":true,"href":"https:\/\/247stiri.ro\/index.php\/wp-json\/wp\/v2\/categories?post=18054"},{"taxonomy":"post_tag","embeddable":true,"href":"https:\/\/247stiri.ro\/index.php\/wp-json\/wp\/v2\/tags?post=18054"}],"curies":[{"name":"wp","href":"https:\/\/api.w.org\/{rel}","templated":true}]}}