{"id":18066,"date":"2024-12-20T15:44:52","date_gmt":"2024-12-20T15:44:52","guid":{"rendered":"https:\/\/247stiri.ro\/index.php\/2024\/12\/20\/sefa-de-la-pot-s-a-rafuit-cu-jurnalistii-pe-holurile-parlamentului-scene-violente-cu-noua-aleasa\/"},"modified":"2024-12-20T15:44:52","modified_gmt":"2024-12-20T15:44:52","slug":"sefa-de-la-pot-s-a-rafuit-cu-jurnalistii-pe-holurile-parlamentului-scene-violente-cu-noua-aleasa","status":"publish","type":"post","link":"https:\/\/247stiri.ro\/index.php\/2024\/12\/20\/sefa-de-la-pot-s-a-rafuit-cu-jurnalistii-pe-holurile-parlamentului-scene-violente-cu-noua-aleasa\/","title":{"rendered":"\u0218efa de la POT s-a r\u0103fuit cu jurnali\u0219tii pe holurile Parlamentului. Scene violente cu noua aleas\u0103"},"content":{"rendered":"<p>\u00cen prima sesiune a noii legislaturi, pre\u0219edinta partidului POT, Anamaria Gavril\u0103, a fost implicat\u0103 \u00eentr-un incident pe holurile Parlamentului. Aceasta a lovit violent microfoanele unor jurnali\u0219ti care \u00eencercau s\u0103-i adreseze \u00eentreb\u0103ri. Incidentul a avut loc \u00een contextul \u00een care presa c\u0103uta s\u0103 ob\u021bin\u0103 reac\u021bii de la lidera partidului cu privire la activit\u0103\u021bile legislative recente.\u00a0<\/p>\n\n<p>\u201eCum v\u0103 permite\u021bi s\u0103 lovi\u021bi jurnali\u0219tii, doamna Gavril\u0103?\u201d, \u201ede ce sunte\u021bi at\u00e2t de agresiv\u0103?\u201d, au \u00eentrebat-o reporterii. \u201eDumneavoastr\u0103 nu reprezenta\u021bi oamenii\u201d, le-a r\u0103spuns ea jurnali\u0219tilor \u0219i a str\u0103b\u0103tut holurile parlamentului cu jurnali\u0219ti pe urmele ei.<\/p>\n<p><a title=\"Toate mandatele deputatilor POT si SOS au fost validate, insa unii dintre parlamentari au probleme cu legea\" href=\"https:\/\/www.realitatea.net\/stiri\/actual\/toate-mandatele-deputatilor-pot-si-sos-au-fost-validate-insa-unii-dintre-parlamentari-au-probleme-cu-legea_67657be212fc3867952f2833\">Toate mandatele deputa\u021bilor POT \u0219i SOS au fost validate, \u00eens\u0103 unii dintre parlamentari au probleme cu legea<\/a><\/p>","protected":false},"excerpt":{"rendered":"<p>\u00cen prima sesiune a noii legislaturi, pre\u0219edinta partidului POT, Anamaria Gavril\u0103, a fost implicat\u0103 \u00eentr-un&hellip;<\/p>\n","protected":false},"author":0,"featured_media":18061,"comment_status":"open","ping_status":"open","sticky":false,"template":"","format":"standard","meta":{"footnotes":""},"categories":[2],"tags":[],"class_list":["post-18066","post","type-post","status-publish","format-standard","has-post-thumbnail","hentry","category-actual"],"_links":{"self":[{"href":"https:\/\/247stiri.ro\/index.php\/wp-json\/wp\/v2\/posts\/18066","targetHints":{"allow":["GET"]}}],"collection":[{"href":"https:\/\/247stiri.ro\/index.php\/wp-json\/wp\/v2\/posts"}],"about":[{"href":"https:\/\/247stiri.ro\/index.php\/wp-json\/wp\/v2\/types\/post"}],"replies":[{"embeddable":true,"href":"https:\/\/247stiri.ro\/index.php\/wp-json\/wp\/v2\/comments?post=18066"}],"version-history":[{"count":0,"href":"https:\/\/247stiri.ro\/index.php\/wp-json\/wp\/v2\/posts\/18066\/revisions"}],"wp:featuredmedia":[{"embeddable":true,"href":"https:\/\/247stiri.ro\/index.php\/wp-json\/wp\/v2\/media\/18061"}],"wp:attachment":[{"href":"https:\/\/247stiri.ro\/index.php\/wp-json\/wp\/v2\/media?parent=18066"}],"wp:term":[{"taxonomy":"category","embeddable":true,"href":"https:\/\/247stiri.ro\/index.php\/wp-json\/wp\/v2\/categories?post=18066"},{"taxonomy":"post_tag","embeddable":true,"href":"https:\/\/247stiri.ro\/index.php\/wp-json\/wp\/v2\/tags?post=18066"}],"curies":[{"name":"wp","href":"https:\/\/api.w.org\/{rel}","templated":true}]}}