{"id":18069,"date":"2024-12-20T15:44:52","date_gmt":"2024-12-20T15:44:52","guid":{"rendered":"https:\/\/247stiri.ro\/index.php\/2024\/12\/20\/pasi-rapizi-pentru-constituirea-noului-parlament-comisia-de-validare-a-mandatelor-deputatilor-a-fost-aleasa-cand-se-vor-aduna-noii-alesi-in-plen\/"},"modified":"2024-12-20T15:44:52","modified_gmt":"2024-12-20T15:44:52","slug":"pasi-rapizi-pentru-constituirea-noului-parlament-comisia-de-validare-a-mandatelor-deputatilor-a-fost-aleasa-cand-se-vor-aduna-noii-alesi-in-plen","status":"publish","type":"post","link":"https:\/\/247stiri.ro\/index.php\/2024\/12\/20\/pasi-rapizi-pentru-constituirea-noului-parlament-comisia-de-validare-a-mandatelor-deputatilor-a-fost-aleasa-cand-se-vor-aduna-noii-alesi-in-plen\/","title":{"rendered":"Pa\u0219i rapizi pentru constituirea noului Parlament. Comisia de validare a mandatelor deputa\u021bilor a fost aleas\u0103. C\u00e2nd se vor aduna noii ale\u0219i \u00een plen"},"content":{"rendered":"<p>Comisia de validare este format\u0103 din 30 de deputa\u0163i, conform configura\u0163iei politice a forului.<\/p>\n<p>Astfel, PSD are 8 membri \u00een comisia de validare, AUR &#8211; 6, PNL \u015fi USR c\u00e2te 4, iar SOS, POT, UDMR \u015fi minorit\u0103\u0163ile na\u0163ionale c\u00e2te 2 membri. Decizia a fost luat\u0103 cu 216 voturi pentru \u015fi 115 \u00eempotriv\u0103.Pre\u015fedintele de \u015fedin\u0163\u0103, Seres Denes, a precizat c\u0103 aceast\u0103 comisie urmeaz\u0103 s\u0103 lucreze p\u00e2n\u0103 s\u00e2mb\u0103t\u0103 la raportul de validare a mandatelor deputa\u0163ilor.Conform programului aprobat \u00een unanimitate, plenul Camerei Deputa\u0163ilor se va reuni s\u00e2mb\u0103t\u0103 la ora 9,00 pentru prezentarea, dezbaterea \u015fi adoptarea raportului de validare \u015fi depunerea jur\u0103m\u00e2ntului deputa\u0163ilor ale c\u0103ror mandate vor fi validate, prezentarea de c\u0103tre fiecare grup parlamentar a denumirii, componen\u0163ei numerice \u015fi nominale, precum \u015fi a conducerii acestora.\u00a0<\/p>\n<p><a title='USR ii spune \"NU\" lui Nicusor Dan si da de inteles ca merge tot cu Elena Lasconi la prezidentiale' href=\"https:\/\/www.realitatea.net\/stiri\/actual\/usr-ii-spune-nu-lui-nicusor-dan-si-da-de-inteles-ca-merge-tot-cu-elena-lasconi-la-prezidentiale_67606f87234733393c759122\">USR \u00eei spune &#8222;NU&#8221; lui Nicu\u0219or Dan \u0219i d\u0103 de \u00een\u021beles c\u0103 merge tot cu Elena Lasconi la preziden\u021biale<\/a><\/p>","protected":false},"excerpt":{"rendered":"<p>Comisia de validare este format\u0103 din 30 de deputa\u0163i, conform configura\u0163iei politice a forului. Astfel,&hellip;<\/p>\n","protected":false},"author":0,"featured_media":18063,"comment_status":"open","ping_status":"open","sticky":false,"template":"","format":"standard","meta":{"footnotes":""},"categories":[2],"tags":[],"class_list":["post-18069","post","type-post","status-publish","format-standard","has-post-thumbnail","hentry","category-actual"],"_links":{"self":[{"href":"https:\/\/247stiri.ro\/index.php\/wp-json\/wp\/v2\/posts\/18069","targetHints":{"allow":["GET"]}}],"collection":[{"href":"https:\/\/247stiri.ro\/index.php\/wp-json\/wp\/v2\/posts"}],"about":[{"href":"https:\/\/247stiri.ro\/index.php\/wp-json\/wp\/v2\/types\/post"}],"replies":[{"embeddable":true,"href":"https:\/\/247stiri.ro\/index.php\/wp-json\/wp\/v2\/comments?post=18069"}],"version-history":[{"count":0,"href":"https:\/\/247stiri.ro\/index.php\/wp-json\/wp\/v2\/posts\/18069\/revisions"}],"wp:featuredmedia":[{"embeddable":true,"href":"https:\/\/247stiri.ro\/index.php\/wp-json\/wp\/v2\/media\/18063"}],"wp:attachment":[{"href":"https:\/\/247stiri.ro\/index.php\/wp-json\/wp\/v2\/media?parent=18069"}],"wp:term":[{"taxonomy":"category","embeddable":true,"href":"https:\/\/247stiri.ro\/index.php\/wp-json\/wp\/v2\/categories?post=18069"},{"taxonomy":"post_tag","embeddable":true,"href":"https:\/\/247stiri.ro\/index.php\/wp-json\/wp\/v2\/tags?post=18069"}],"curies":[{"name":"wp","href":"https:\/\/api.w.org\/{rel}","templated":true}]}}