{"id":18085,"date":"2024-12-20T16:45:03","date_gmt":"2024-12-20T16:45:03","guid":{"rendered":"https:\/\/247stiri.ro\/index.php\/2024\/12\/20\/video-diana-sosoaca-si-makaveli-au-facut-scandal-si-circ-pe-holurile-parlamentului-hartuirea-jurnalistilor-printre-activitatile-favoritesoso-pe-ei\/"},"modified":"2024-12-20T16:45:03","modified_gmt":"2024-12-20T16:45:03","slug":"video-diana-sosoaca-si-makaveli-au-facut-scandal-si-circ-pe-holurile-parlamentului-hartuirea-jurnalistilor-printre-activitatile-favoritesoso-pe-ei","status":"publish","type":"post","link":"https:\/\/247stiri.ro\/index.php\/2024\/12\/20\/video-diana-sosoaca-si-makaveli-au-facut-scandal-si-circ-pe-holurile-parlamentului-hartuirea-jurnalistilor-printre-activitatile-favoritesoso-pe-ei\/","title":{"rendered":"VIDEO: Diana \u0218o\u0219oac\u0103 \u0219i Makaveli au f\u0103cut scandal \u0219i circ pe holurile Parlamentului. H\u0103r\u021buirea jurnali\u0219tilor, printre activit\u0103\u021bile favorite:\u201e\u0218o\u0219o pe ei!\u201d"},"content":{"rendered":"<p>\u00cempreun\u0103 cu al\u021bi parlamentari ai partidului, \u0218o\u0219oac\u0103 \u0219i Makaveli au \u00eentrerupt transmisiunea \u00een direct de la Antena 3 CNN \u0219i au strigat dup\u0103 jurnalist\u0103: \u201eUnde e G\u00e2dea?\u201d, \u201eDe ce nu mai lua\u021bi, doamn\u0103, interviuri?\u201d. \u201e\u0102\u0219tia de unde sunt?\u201d, \u00eentreab\u0103 influencerul.<\/p>\n\n<p>Diana \u0218o\u0219oac\u0103 l-a prezentat ulterior pe Makaveli \u00een fa\u021ba jurnali\u0219tilor, spun\u00e2nd c\u0103 \u00eel va angaja \u00een partidul pe care \u00eel conduce.<\/p>\n<p>\u201ePentru servicii aduse comunit\u0103\u021bii plevei societ\u0103\u021bii, va fi angajat la S.O.S. Rom\u00e2nia pentru merite deosebite \u00eempotriva presei \u0219p\u0103guite, mizerabile, decadente, abjecte \u0219i care a ucis oameni \u00een pandemie\u201d, a spus \u0218o\u0219oac\u0103.<\/p>\n<p><a title=\"SURSE: Diana Sosoaca renunta la mandatul de SENATOR \" href=\"https:\/\/www.realitatea.net\/stiri\/politica\/decizie-de-ultim-moment-a-dianei-sosoaca-surse-politicianul-reunta-la-mandatul-de-senator-in-favoarea-celui-de-europarlamentar_6763fde00bccc81a5114b672\">SURSE: Diana \u0218o\u0219oac\u0103 renun\u021b\u0103 la mandatul de SENATOR<\/a>\u00a0<\/p>","protected":false},"excerpt":{"rendered":"<p>\u00cempreun\u0103 cu al\u021bi parlamentari ai partidului, \u0218o\u0219oac\u0103 \u0219i Makaveli au \u00eentrerupt transmisiunea \u00een direct de&hellip;<\/p>\n","protected":false},"author":0,"featured_media":18077,"comment_status":"open","ping_status":"open","sticky":false,"template":"","format":"standard","meta":{"footnotes":""},"categories":[2],"tags":[],"class_list":["post-18085","post","type-post","status-publish","format-standard","has-post-thumbnail","hentry","category-actual"],"_links":{"self":[{"href":"https:\/\/247stiri.ro\/index.php\/wp-json\/wp\/v2\/posts\/18085","targetHints":{"allow":["GET"]}}],"collection":[{"href":"https:\/\/247stiri.ro\/index.php\/wp-json\/wp\/v2\/posts"}],"about":[{"href":"https:\/\/247stiri.ro\/index.php\/wp-json\/wp\/v2\/types\/post"}],"replies":[{"embeddable":true,"href":"https:\/\/247stiri.ro\/index.php\/wp-json\/wp\/v2\/comments?post=18085"}],"version-history":[{"count":0,"href":"https:\/\/247stiri.ro\/index.php\/wp-json\/wp\/v2\/posts\/18085\/revisions"}],"wp:featuredmedia":[{"embeddable":true,"href":"https:\/\/247stiri.ro\/index.php\/wp-json\/wp\/v2\/media\/18077"}],"wp:attachment":[{"href":"https:\/\/247stiri.ro\/index.php\/wp-json\/wp\/v2\/media?parent=18085"}],"wp:term":[{"taxonomy":"category","embeddable":true,"href":"https:\/\/247stiri.ro\/index.php\/wp-json\/wp\/v2\/categories?post=18085"},{"taxonomy":"post_tag","embeddable":true,"href":"https:\/\/247stiri.ro\/index.php\/wp-json\/wp\/v2\/tags?post=18085"}],"curies":[{"name":"wp","href":"https:\/\/api.w.org\/{rel}","templated":true}]}}