{"id":18199,"date":"2024-12-21T07:45:17","date_gmt":"2024-12-21T07:45:17","guid":{"rendered":"https:\/\/247stiri.ro\/index.php\/2024\/12\/21\/angajatii-la-stat-care-primesc-in-plus-15-la-salariu-de-cand-vor-avea-loc-maririle-si-cine-sunt-beneficiarii\/"},"modified":"2024-12-21T07:45:17","modified_gmt":"2024-12-21T07:45:17","slug":"angajatii-la-stat-care-primesc-in-plus-15-la-salariu-de-cand-vor-avea-loc-maririle-si-cine-sunt-beneficiarii","status":"publish","type":"post","link":"https:\/\/247stiri.ro\/index.php\/2024\/12\/21\/angajatii-la-stat-care-primesc-in-plus-15-la-salariu-de-cand-vor-avea-loc-maririle-si-cine-sunt-beneficiarii\/","title":{"rendered":"Angaja\u021bii la stat care primesc \u00een plus 15% la salariu. De c\u00e2nd vor avea loc m\u0103ririle \u0219i cine sunt beneficiarii"},"content":{"rendered":"<p>Sute de angaja\u021bi din cadrul Prim\u0103riei Slatina \u0219i din alte institu\u021bii subordonate ar urma s\u0103 beneficieze de o cre\u0219tere salarial\u0103 de 15%, m\u0103rire care opereaz\u0103 \u00eencep\u00e2nd cu data adopt\u0103rii hot\u0103r\u00e2rii \u00een Consiliul Local. \u00cen ultimul moment s-a introdus un amendament, pentru a se evita \u201eordonan\u021ba trenule\u021b\u201d. scrie <a href=\"https:\/\/adevarul.ro\/stiri-locale\/slatina\/angajatii-la-stat-care-primesc-15percent-la-salariu-2410010.html\" target=\"_blank\">adevarul.ro<\/a><\/p>\n<p>Consilierii municipiului Slatina sunt cei care au f\u0103cut func\u021bionarilor publici \u0219i personalului contractual din cadrul Prim\u0103riei unicipiului Slatina drept cadou de Cr\u0103ciun\u00a0\u00a0majorarea\u00a0cuantumului brut al salariului de baz\u0103 cu 15%. De o majorare similar\u0103 ar urma s\u0103 beneficieze \u0219i func\u021bionarii publici \u0219i personalul contractual din cadrul Poli\u021biei Locale, Direc\u021biei Administrare Str\u0103zi \u0219i Iluminat Public, Direc\u021biei de Protec\u021bie Social\u0103 \u0219i Clubului Sportiv Municipal Slatina.\u00a0<\/p>\n<p>Hot\u0103r\u00e2rile au fost adoptate \u00een Consiliul local al municipiului Slatina,\u00a0 joi, 19 decembrie 2024, iar pentru aceste major\u0103ri au ridicat m\u00e2na to\u021bi consilierii, indiferent de culoarea politic\u0103.<\/p>\n<p><a href=\"https:\/\/www.realitatea.net\/stiri\/actual\/ce-beneficii-salariale-sunt-scutite-de-impozit-pe-venit-si-contributii-sociale_676545fa507c3f234d654cf2\" target=\"_blank\">Ce beneficii salariale sunt scutite de impozit pe venit \u0219i contribu\u021bii sociale<\/a><\/p>\n<p>Primarul Slatinei, Mario De Mezzo, a \u0219i explicat de ce a fost nevoie ca \u00een \u0219edin\u021b\u0103 s\u0103 fie supuse aprob\u0103rii \u0219i c\u00e2te dou\u0103 amendamente pentru fiecare dintre proiectele de hot\u0103r\u00e2re, modific\u00e2ndu-se forma ini\u021bial\u0103 propus\u0103. Astfel, s-a decis ca majorarea s\u0103 opereze \u201e\u00eencep\u00e2nd cu data adopt\u0103rii \u00een Consiliul local\u201d, \u00een forma propus\u0103 ini\u021bial men\u021bion\u00e2ndu-se \u201e1 ianuarie 2025\u201d, iar majorarea de 15% s\u0103 se acorde raportat nu la nivelul acordat \u00een luna decembrie 2024, ci la nivelul din luna noiembrie 2024.<\/p>\n<p>\u201eDac\u0103 pot \u0219i s\u0103 explic, ca s\u0103 fie clar pentru toat\u0103 lumea: m\u0103rirea pe care a\u021bi votat-o deja pentru anja\u021bii prim\u0103riei, dac\u0103 intr\u0103 \u00een vigoare de la 1 ianuarie 2025, este posibil s\u0103 fie anulat\u0103 de ordonan\u021ba-trenule\u021b pe care o a\u0219tept\u0103m cu to\u021bii spre sf\u00e2r\u0219itul anului\u201d,\u00a0a explicat primarul Mario De Mezzo.<\/p>\n<p>Tot primarul De Mezzo vorbea, cu o lun\u0103 \u00een urm\u0103, de faptul c\u0103 se impune o eficientizare a activit\u0103\u021bii \u0219i numea atunci dou\u0103 institu\u021bii vizate: Prim\u0103ria Slatina \u0219i Compania de Ap\u0103 Olt (companie \u00een care Prim\u0103ria Slatina este ac\u021bionar). La Compania de Ap\u0103 Olt, estima primarul,\u00a0 activitatea poate fi desf\u0103\u0219urat\u0103 \u00een bune condi\u021bii cu doar 300 din cei 550 angaja\u021bi.\u00a0\u00a0<\/p>\n<p>\u201eDac\u0103 ar fi dup\u0103 mine, eu m\u00e2ine a\u0219 restructura. \u0218i CAO \u0219i Prim\u0103ria Slatina\u201d,\u00a0a spus la acel moment De Mezzo.<\/p>\n<p>Conform raportului pentru luna septembrie 2024, ultima lun\u0103 pentru care sunt disponibile informa\u021bii cu privire la veniturile salariale ale angaja\u021bilor, pe site-ul Prim\u0103riei Slatina, pentru primar este prev\u0103zut\u0103 o indemniza\u021bie de 21.735 lei, iar \u00een rubrica privind altte drepturi \u0219i sporuri acordate mai apare suma de 10.868 lei. Pentru viceprimar indemniza\u021bia este de 19.320 lei \u0219i spor de 9.660 lei, iar pentru administratorul public &#8211; salariul de baz\u0103 este 18.980, iar sporul de 9.490 lei. Directorul cabinetului primarului avea \u0219i acesta un salariu de baz\u0103 de 8.142 lei \u0219i un spor de 1.629 lei. Secretarul municipiului figura cu un salariu de baz\u0103 de 18.520 lei (\u0219i niciun spor), managerul public cu un salariu de baz\u0103 12.288 lei \u0219i un spor de 6.144 lei etc.\u00a0<\/p>\n<p>Portarii \u0219i \u00eengrijitorii aveau cele mai mici salarii, de 3.700 lei (\u0219i nu figureaz\u0103 cu spor), urma\u021bi de muncitorii califica\u021bi care au, \u00een func\u021bie de grada\u021bie, salarii de baz\u0103 pornind de la 3.869 lei (grada\u021bie 2) \u0219i p\u00e2n\u0103 la 4.624 lei (grada\u021bie 5). Nici salariile \u0219oferilor nu erau mai mari, cel mai mare fiind de 4.624 lei. Sumele sunt brute, banii pe care-i duc ace\u0219ti angaja\u021bi acas\u0103 lunar fiind de pu\u021bin peste 2.000\u00a0<\/p>\n<p>Referen\u021bii figureaz\u0103\u00a0cu salarii\u00a0de baz\u0103 \u00eentre 4.226 lei \u0219i 5.103 lei, \u00een func\u021bie de gradul profesional \u0219i de grada\u021bie, iar inspectorii de specialitate, cu salarii \u00eentre 5.568 lei \u0219i aproape 9.000 lei. De men\u021bionat c\u0103 referen\u021bii nu figureaz\u0103 cu sporuri, \u00een schimb o parte dintre consilieri, da. Salariul inspectorilor pornea de la 6.002 lei \u0219i, la fel, \u00een func\u021bie de gradul profesional \u0219i de grada\u021bie, ajungea p\u00e2n\u0103 la 8.984 lei, unii dintre consilieri beneficiind \u0219i de sporuri care au putut ajunge chiar \u0219i la 2.964 lei conform sursei precizate.<\/p>\n<p><a href=\"https:\/\/www.realitatea.net\/stiri\/actual\/cati-bani-trebuie-sa-ai-in-cont-pentru-ca-banca-sa-te-considere-bogat-pragul-pentru-clientii-afluenti-surprinzator-de-mic_6765aa02c7bde510f85c15d2\" target=\"_blank\">C\u00e2\u021bi bani trebuie s\u0103 ai \u00een cont pentru ca banca s\u0103 te considere \u201ebogat\u201d. Pragul pentru clien\u021bii \u201eafluen\u021bi\u201d, surprinz\u0103tor de mic<\/a><\/p>","protected":false},"excerpt":{"rendered":"<p>Sute de angaja\u021bi din cadrul Prim\u0103riei Slatina \u0219i din alte institu\u021bii subordonate ar urma s\u0103&hellip;<\/p>\n","protected":false},"author":0,"featured_media":18200,"comment_status":"open","ping_status":"open","sticky":false,"template":"","format":"standard","meta":{"footnotes":""},"categories":[2],"tags":[],"class_list":["post-18199","post","type-post","status-publish","format-standard","has-post-thumbnail","hentry","category-actual"],"_links":{"self":[{"href":"https:\/\/247stiri.ro\/index.php\/wp-json\/wp\/v2\/posts\/18199","targetHints":{"allow":["GET"]}}],"collection":[{"href":"https:\/\/247stiri.ro\/index.php\/wp-json\/wp\/v2\/posts"}],"about":[{"href":"https:\/\/247stiri.ro\/index.php\/wp-json\/wp\/v2\/types\/post"}],"replies":[{"embeddable":true,"href":"https:\/\/247stiri.ro\/index.php\/wp-json\/wp\/v2\/comments?post=18199"}],"version-history":[{"count":0,"href":"https:\/\/247stiri.ro\/index.php\/wp-json\/wp\/v2\/posts\/18199\/revisions"}],"wp:featuredmedia":[{"embeddable":true,"href":"https:\/\/247stiri.ro\/index.php\/wp-json\/wp\/v2\/media\/18200"}],"wp:attachment":[{"href":"https:\/\/247stiri.ro\/index.php\/wp-json\/wp\/v2\/media?parent=18199"}],"wp:term":[{"taxonomy":"category","embeddable":true,"href":"https:\/\/247stiri.ro\/index.php\/wp-json\/wp\/v2\/categories?post=18199"},{"taxonomy":"post_tag","embeddable":true,"href":"https:\/\/247stiri.ro\/index.php\/wp-json\/wp\/v2\/tags?post=18199"}],"curies":[{"name":"wp","href":"https:\/\/api.w.org\/{rel}","templated":true}]}}