{"id":1821,"date":"2024-10-25T10:46:19","date_gmt":"2024-10-25T10:46:19","guid":{"rendered":"https:\/\/247stiri.ro\/index.php\/2024\/10\/25\/metroul-bucurestean-in-prag-de-greva-angajatii-nemultumiti-de-salarii-si-de-lipsa-personalului\/"},"modified":"2024-10-25T10:46:19","modified_gmt":"2024-10-25T10:46:19","slug":"metroul-bucurestean-in-prag-de-greva-angajatii-nemultumiti-de-salarii-si-de-lipsa-personalului","status":"publish","type":"post","link":"https:\/\/247stiri.ro\/index.php\/2024\/10\/25\/metroul-bucurestean-in-prag-de-greva-angajatii-nemultumiti-de-salarii-si-de-lipsa-personalului\/","title":{"rendered":"Metroul bucure\u0219tean, \u00een prag de grev\u0103. Angaja\u021bii, nemul\u021bumi\u021bi de salarii \u0219i de lipsa personalului"},"content":{"rendered":"<p>Sindicali\u0219tii <a href=\"https:\/\/www.realitatea.net\/stiri\/actual\/demisie-la-varful-metrorex-dupa-scrisoarea-comisiei-europene-care-avertizeaza-romania-ca-poate-pierde-sute-de-milioane-din-pnrr_670e4e39e1f44725be5ff4ec\" target=\"_blank\" rel=\"noopener\">Metrorex<\/a> ar putea intra \u00een grev\u0103 \u00een aproximativ dou\u0103 s\u0103pt\u0103m\u00e2ni dac\u0103 \u0219i negocierile de vineri, 25 octombrie, e\u0219ueaz\u0103. Angaja\u021bii companiei \u00eencep preg\u0103tirea unei greve generale care ar putea paraliza traficul rutier din Capital\u0103, dup\u0103 ce negocierile au fost repetate \u00een mai multe r\u00e2nduri.<\/p>\n<p>Discu\u021biile despre cele 9 revendic\u0103ri ale angaja\u021bilor Metrorex trebuiau s\u0103 se \u00eencheie mai \u00eent\u00e2i pe 1 octombrie, apoi pe 14 \u0219i \u00een cele din urm\u0103 joi, 24 octombrie. Contractul de munc\u0103 a expirat la \u00eenceputul lunii.<\/p>\n<p>Greva general\u0103 ar putea \u00eencepe \u00een dou\u0103 s\u0103pt\u0103m\u00e2ni, iar cel mai probabil scenariu ar fi \u00eentreruperea circula\u021biei trenurilor p\u00e2n\u0103 dup\u0103-amiaza.<\/p>\n<p>\u201eAvem dreptul s\u0103 facem o grev\u0103, dar s\u0103 l\u0103s\u0103m o treime din activitate. Vom \u00eenchide la 04:00 diminea\u021ba, \u0219i vom deschide la orele 16:00\u201d, explicat Marian Artimon, lider de sindicat Metrorex.<\/p>\n<p>Dac\u0103 nici \u00een discu\u021biile de vineri nu se ajunge la o solu\u021bie aprobat\u0103 de ambele p\u0103r\u021bi, se vor lua m\u0103surile pentru \u00eenceperea grevei generale.<\/p>","protected":false},"excerpt":{"rendered":"<p>Sindicali\u0219tii Metrorex ar putea intra \u00een grev\u0103 \u00een aproximativ dou\u0103 s\u0103pt\u0103m\u00e2ni dac\u0103 \u0219i negocierile de&hellip;<\/p>\n","protected":false},"author":0,"featured_media":1822,"comment_status":"open","ping_status":"open","sticky":false,"template":"","format":"standard","meta":{"footnotes":""},"categories":[2],"tags":[],"class_list":["post-1821","post","type-post","status-publish","format-standard","has-post-thumbnail","hentry","category-actual"],"_links":{"self":[{"href":"https:\/\/247stiri.ro\/index.php\/wp-json\/wp\/v2\/posts\/1821","targetHints":{"allow":["GET"]}}],"collection":[{"href":"https:\/\/247stiri.ro\/index.php\/wp-json\/wp\/v2\/posts"}],"about":[{"href":"https:\/\/247stiri.ro\/index.php\/wp-json\/wp\/v2\/types\/post"}],"replies":[{"embeddable":true,"href":"https:\/\/247stiri.ro\/index.php\/wp-json\/wp\/v2\/comments?post=1821"}],"version-history":[{"count":0,"href":"https:\/\/247stiri.ro\/index.php\/wp-json\/wp\/v2\/posts\/1821\/revisions"}],"wp:featuredmedia":[{"embeddable":true,"href":"https:\/\/247stiri.ro\/index.php\/wp-json\/wp\/v2\/media\/1822"}],"wp:attachment":[{"href":"https:\/\/247stiri.ro\/index.php\/wp-json\/wp\/v2\/media?parent=1821"}],"wp:term":[{"taxonomy":"category","embeddable":true,"href":"https:\/\/247stiri.ro\/index.php\/wp-json\/wp\/v2\/categories?post=1821"},{"taxonomy":"post_tag","embeddable":true,"href":"https:\/\/247stiri.ro\/index.php\/wp-json\/wp\/v2\/tags?post=1821"}],"curies":[{"name":"wp","href":"https:\/\/api.w.org\/{rel}","templated":true}]}}